{"id":123396,"date":"2019-12-14T19:28:46","date_gmt":"2019-12-14T18:28:46","guid":{"rendered":"https:\/\/theworldwidejournal.com\/2019\/12\/14\/el-psc-define-espana-como-nacion-de-naciones\/"},"modified":"2019-12-14T19:28:46","modified_gmt":"2019-12-14T18:28:46","slug":"el-psc-define-espana-como-nacion-de-naciones","status":"publish","type":"post","link":"https:\/\/theworldwidejournal.com\/?p=123396","title":{"rendered":"El PSC define Espa\u00f1a como \u00abnaci\u00f3n de naciones\u00bb"},"content":{"rendered":"<p>El PSC ha aprobado en sus comisiones del 14\u00ba Congreso defender la definici\u00f3n de Espa\u00f1a como \u00abnaci\u00f3n de naciones\u00bb y mantener el sistema de inmersi\u00f3n ling\u00fc\u00edstica obligatoria en las escuelas de Catalu\u00f1a. As\u00ed lo han confirmado, en rueda de prensa, los portavoces del PSC en las cinco comisiones en que se ha organizado el Congreso, que se celebra este fin de semana en Barcelona. Tal y como viene haciendo el PSC desde 1978, en su opini\u00f3n, Espa\u00f1a es un \u00abEstado plurinacional\u00bb y as\u00ed seguir\u00e1 en los documentos program\u00e1ticos del partido que lidera Miquel Iceta, primer secretario del PSC, confirmado en el cargo por los delegados socialistas este mismo s\u00e1bado. Seg\u00fan ha confirmado Esther Niub\u00f3, delegada en la comisi\u00f3n que ha debatido sobre este asunto, el plenario del 14\u00ba Congreso del PSC confirmar\u00e1 ma\u00f1ana el texto propuesto por la comisi\u00f3n que insiste en definir a Espa\u00f1a como \u00abEstado plurinacional\u00bb, a\u00f1adiendo, como public\u00f3 este s\u00e1bado ABC, el concepto de \u00abNaci\u00f3n de naciones\u00bb, para Espa\u00f1a. Adem\u00e1s, la misma comisi\u00f3n ha ratificado la defensa del PSC al modelo de inmersi\u00f3n ling\u00fc\u00edstica obligatoria en catal\u00e1n para todas las escuelas p\u00fablicas de Catalu\u00f1a. Pese a que en el documento inicial, propuesto por la direcci\u00f3n del partido, se eliminaba la menci\u00f3n a la inmersi\u00f3n y se abr\u00eda la puerta al pluriling\u00fcismo, finalmente, la presi\u00f3n interna de algunas delegaciones y la externa (nacionalistas y medios), ha acabadon por conseguir mantener la inmersi\u00f3n. Niub\u00f3 ha se\u00f1alado que en la comisi\u00f3n se ha producido un gran debate respecto al asunto ling\u00fc\u00edstico, pero la ponencia ha contado con la unanimidad del voto de los delegados en la comisi\u00f3n. Un acuerdo que se ha basado en mantener el concepto de inmersi\u00f3n ling\u00fc\u00edstica obligatoria, con \u00abflexibilidad\u00bb en las zonas catalanohablantes para introducir algunas asignaturas en espa\u00f1ol, pero manteniendo el catal\u00e1n como \u00fanica lengua vehicular. Por otro lado, fuentes socialistas han detallado a Efe que, aunque la ejecutiva ser\u00e1 continuista, habr\u00e1 algunos movimientos: por ejemplo, se dar\u00e1 un mayor peso a la federaci\u00f3n del Barcelon\u00e8s Nord con la incorporaci\u00f3n de la alcaldesa de Santa Coloma de Gramenet, N\u00faria Parlon, y el alcalde de Badalona, \u00c0lex Pastor.<br \/>\nVia: <a href=\"https:\/\/www.abc.es\/espana\/catalunya\/politica\/abci-define-espana-como-nacion-naciones-201912141928_noticia.html\" target=\"_blank\">El PSC define Espa\u00f1a como \u00abnaci\u00f3n de naciones\u00bb<\/a><\/p>\n","protected":false},"excerpt":{"rendered":"<p>El PSC ha aprobado en sus comisiones del 14\u00ba Congreso defender la definici\u00f3n de Espa\u00f1a como \u00abnaci\u00f3n de naciones\u00bb y mantener el sistema de inmersi\u00f3n ling\u00fc\u00edstica obligatoria en las escuelas de Catalu\u00f1a. As\u00ed lo han confirmado, en rueda de prensa, los portavoces del PSC en las cinco comisiones en que [&hellip;]<\/p>\n","protected":false},"author":2,"featured_media":123397,"comment_status":"open","ping_status":"closed","sticky":false,"template":"","format":"standard","meta":{"footnotes":""},"categories":[6],"tags":[],"class_list":["post-123396","post","type-post","status-publish","format-standard","has-post-thumbnail","hentry","category-spanish"],"_links":{"self":[{"href":"https:\/\/theworldwidejournal.com\/index.php?rest_route=\/wp\/v2\/posts\/123396","targetHints":{"allow":["GET"]}}],"collection":[{"href":"https:\/\/theworldwidejournal.com\/index.php?rest_route=\/wp\/v2\/posts"}],"about":[{"href":"https:\/\/theworldwidejournal.com\/index.php?rest_route=\/wp\/v2\/types\/post"}],"author":[{"embeddable":true,"href":"https:\/\/theworldwidejournal.com\/index.php?rest_route=\/wp\/v2\/users\/2"}],"replies":[{"embeddable":true,"href":"https:\/\/theworldwidejournal.com\/index.php?rest_route=%2Fwp%2Fv2%2Fcomments&post=123396"}],"version-history":[{"count":0,"href":"https:\/\/theworldwidejournal.com\/index.php?rest_route=\/wp\/v2\/posts\/123396\/revisions"}],"wp:featuredmedia":[{"embeddable":true,"href":"https:\/\/theworldwidejournal.com\/index.php?rest_route=\/wp\/v2\/media\/123397"}],"wp:attachment":[{"href":"https:\/\/theworldwidejournal.com\/index.php?rest_route=%2Fwp%2Fv2%2Fmedia&parent=123396"}],"wp:term":[{"taxonomy":"category","embeddable":true,"href":"https:\/\/theworldwidejournal.com\/index.php?rest_route=%2Fwp%2Fv2%2Fcategories&post=123396"},{"taxonomy":"post_tag","embeddable":true,"href":"https:\/\/theworldwidejournal.com\/index.php?rest_route=%2Fwp%2Fv2%2Ftags&post=123396"}],"curies":[{"name":"wp","href":"https:\/\/api.w.org\/{rel}","templated":true}]}}