{"id":123398,"date":"2019-12-14T18:24:30","date_gmt":"2019-12-14T17:24:30","guid":{"rendered":"https:\/\/theworldwidejournal.com\/2019\/12\/14\/bartomeu-se-quejara-por-carta-a-rubiales-por-la-pasividad-del-var-en-anoeta\/"},"modified":"2019-12-14T18:24:30","modified_gmt":"2019-12-14T17:24:30","slug":"bartomeu-se-quejara-por-carta-a-rubiales-por-la-pasividad-del-var-en-anoeta","status":"publish","type":"post","link":"https:\/\/theworldwidejournal.com\/?p=123398","title":{"rendered":"Bartomeu se quejar\u00e1 por carta a Rubiales por la pasividad del VAR en Anoeta"},"content":{"rendered":"<p>La actuaci\u00f3n del VAR en el partido que la Real Sociedad y el F\u00fatbol Club Barcelona en el estadio de Anoeta ha dejado muy enfadados a los mandatarios azulgranas. Tanto que, como avanz\u00f3 la Cadena Ser, Josep Mar\u00eda Bartomeu, por iniciativa personal, va a remitir una carta al presidente de la Real Federaci\u00f3n Espa\u00f1ola de F\u00fatbol (RFEF), Luis Rubiales, para quejarse formalmente. El presidente del Bar\u00e7a, indignado, m\u00e1s cuando considera que su club es uno de los principales defensores de la llegada de la tecnolog\u00eda al f\u00fatbol, no entiende que el videoarbitraje no haya entrado a valorar el agarr\u00f3n que Gerard Piqu\u00e9 ha sufrido en el \u00e1rea de la Real en los minutos de descuento del partido. A menos de un minuto para que se cumpliese el tiempo a\u00f1adido en Anoeta el F\u00fatbol Club Barcelona reclam\u00f3 un penalti sobre Gerard Piqu\u00e9 que ni el \u00e1rbitro primero, ni el VAR despu\u00e9s se\u00f1alaron. El central azulgrana se hab\u00eda incorporado al ataque en busca de un gol que diese la victoria a los de Ernesto Valverde en el descuento y estuvo cerca de lograrlo, pero se quej\u00f3 de un agarr\u00f3n en el \u00e1rea peque\u00f1a de la Real Sociedad. Las im\u00e1genes demuestran que el agarr\u00f3n sobre el azulgrana existe, pero en la misma acci\u00f3n \u00e9l tambi\u00e9n agarraba a su marcador. Quiz\u00e1s por ello ni el colegiado ni el VAR vieron ninguna infracci\u00f3n. Todo lo contrario a la acci\u00f3n que supuso el 1-0 para el equipo donostiarra en el que el colegiado castig\u00f3 con penalti un agarr\u00f3n en el \u00e1rea de Sergio Busquets. Busquets: \u00abLa de Gerard, m\u00e1s clara que la m\u00eda\u00bb Precisamente Busquets habl\u00f3 tras el pitido final sobre una \u00abpol\u00e9mica\u00bb que \u00abva a estar ah\u00ed\u00bb. \u00abEn el primer penalti est\u00e1 claro que hay un forcejeo, que le puedo llegar a agarrar un poco, pero si pones el list\u00f3n en ese nivel va a ser complicado no pitar m\u00e1s penaltis durante el partido, sobre todo cuando haya jugadas dentro del \u00e1rea como saques de esquina o faltas\u00bb, ha comentado. \u00abLa de Gerard es una muestra m\u00e1s de ello, que incluso ha sido m\u00e1s clara que la m\u00eda. La tendr\u00eda que haber visto el \u00e1rbitro y, si no, entrar el VAR, pero ahora ya se ha acabado el partido, poco se puede hacer y poco se puede saber de por qu\u00e9 no ha sido as\u00ed\u00bb, ha indicado. El centrocampista ha recalcado, no obstante, que \u00abtampoco hay que darle m\u00e1s vueltas porque ha sido una acci\u00f3n puntual. S\u00ed que es verdad que pod\u00eda haber decantado el partido pero ya est\u00e1. No queremos basarlo todo en eso porque hay muchas m\u00e1s cosas y ahora a pensar en el partido ante el Madrid\u00bb, zanj\u00f3.<br \/>\nVia: <a href=\"https:\/\/www.abc.es\/deportes\/futbol\/abci-posible-penalti-no-pitado-sobre-pique-indigno-barca-201912141824_noticia.html\" target=\"_blank\">Bartomeu se quejar\u00e1 por carta a Rubiales por la pasividad del VAR en Anoeta<\/a><\/p>\n","protected":false},"excerpt":{"rendered":"<p>La actuaci\u00f3n del VAR en el partido que la Real Sociedad y el F\u00fatbol Club Barcelona en el estadio de Anoeta ha dejado muy enfadados a los mandatarios azulgranas. Tanto que, como avanz\u00f3 la Cadena Ser, Josep Mar\u00eda Bartomeu, por iniciativa personal, va a remitir una carta al presidente de [&hellip;]<\/p>\n","protected":false},"author":2,"featured_media":123399,"comment_status":"open","ping_status":"closed","sticky":false,"template":"","format":"standard","meta":{"footnotes":""},"categories":[6],"tags":[],"class_list":["post-123398","post","type-post","status-publish","format-standard","has-post-thumbnail","hentry","category-spanish"],"_links":{"self":[{"href":"https:\/\/theworldwidejournal.com\/index.php?rest_route=\/wp\/v2\/posts\/123398","targetHints":{"allow":["GET"]}}],"collection":[{"href":"https:\/\/theworldwidejournal.com\/index.php?rest_route=\/wp\/v2\/posts"}],"about":[{"href":"https:\/\/theworldwidejournal.com\/index.php?rest_route=\/wp\/v2\/types\/post"}],"author":[{"embeddable":true,"href":"https:\/\/theworldwidejournal.com\/index.php?rest_route=\/wp\/v2\/users\/2"}],"replies":[{"embeddable":true,"href":"https:\/\/theworldwidejournal.com\/index.php?rest_route=%2Fwp%2Fv2%2Fcomments&post=123398"}],"version-history":[{"count":0,"href":"https:\/\/theworldwidejournal.com\/index.php?rest_route=\/wp\/v2\/posts\/123398\/revisions"}],"wp:featuredmedia":[{"embeddable":true,"href":"https:\/\/theworldwidejournal.com\/index.php?rest_route=\/wp\/v2\/media\/123399"}],"wp:attachment":[{"href":"https:\/\/theworldwidejournal.com\/index.php?rest_route=%2Fwp%2Fv2%2Fmedia&parent=123398"}],"wp:term":[{"taxonomy":"category","embeddable":true,"href":"https:\/\/theworldwidejournal.com\/index.php?rest_route=%2Fwp%2Fv2%2Fcategories&post=123398"},{"taxonomy":"post_tag","embeddable":true,"href":"https:\/\/theworldwidejournal.com\/index.php?rest_route=%2Fwp%2Fv2%2Ftags&post=123398"}],"curies":[{"name":"wp","href":"https:\/\/api.w.org\/{rel}","templated":true}]}}