{"id":123400,"date":"2019-12-14T17:49:29","date_gmt":"2019-12-14T16:49:29","guid":{"rendered":"https:\/\/theworldwidejournal.com\/2019\/12\/14\/los-audios-de-la-menor-del-caso-arandina-si-se-van-de-la-lengua-incluyo-cosas-inventadas\/"},"modified":"2019-12-14T17:49:29","modified_gmt":"2019-12-14T16:49:29","slug":"los-audios-de-la-menor-del-caso-arandina-si-se-van-de-la-lengua-incluyo-cosas-inventadas","status":"publish","type":"post","link":"https:\/\/theworldwidejournal.com\/?p=123400","title":{"rendered":"Los audios de la menor del caso Arandina: \u00abSi se van de la lengua, incluyo cosas inventadas\u00bb"},"content":{"rendered":"<p>Dicho y hecho. Con el veredicto a\u00fan caliente \u2013como muchos \u00e1nimos tambi\u00e9n lo estaban\u2013 de condena a 38 a\u00f1os de prisi\u00f3n a tres exjugadores de la Arandina \u2013Carlos Cuadrado \u00abLucho\u00bb, V\u00edctor V\u00edctor Rodr\u00edguez \u00abViti\u00bb y Ra\u00fal Calvo\u2013 por un delito de agresi\u00f3n sexual sobre una menor \u2013de 15 a\u00f1os de edad en el momento de los hechos denunciados, el 24 de noviembre de 2017\u2013 se ha cumplido. Ya se han filtrado algunos audios (a los que ha tenido acceso ABC) que ponen voz a declaraciones de la menor sobre lo sucedido, como los penados \u2013todos mayores de edad ya en aquel momento y que siempre han mantenido su inocencia\u2013 avanzaron que se har\u00eda tras conocer el fallo. En esos mensajes \u2013que al parecer ella env\u00eda a alguien por un servicio de mensajer\u00eda de m\u00f3vil\u2013, la adolescente advierte de que \u00abcomo cuenten algo\u00bb, ella tambi\u00e9n hablar\u00e1 de \u00abtodo, todo, todo y inventando\u00bb. \u00abComo cuenten algo, te juro que temblar\u00e1n\u00bb, a\u00f1ade en un primer audio, mientras en un segundo habla de c\u00f3mo en clase se le atribuye un presunto embarazo, que ella misma niega. \u00abComo saquen algo, se l\u00eda aqu\u00ed padre\u00bb, comenta la joven que hoy tiene 17 a\u00f1os. Por \u00faltimo, en un tercer mensaje grabado, se le escucha: \u00abHe sido muy clarita y sincera. Como se vayan de la lengua, mecag\u00fcendiez, yo s\u00ed que me voy de la lengua e incluyo cosas inventadas\u00bb, amenaza, ella tambi\u00e9n lo har\u00e1. Apostilla en otro de los audios, en los que afirma que ellos \u2013parece referirse a los entonces jugadores de la Arandina, pues en otro s\u00ed cita expresamente el nombre del club\u2013 est\u00e1n \u00abadvertidos\u00bb y \u00absaben las consecuencias\u00bb. Unas palabras que est\u00e1n en la l\u00ednea de lo que ya el jueves, nada m\u00e1s escuchar la condena, \u00abLucho\u00bb anunci\u00f3 que ocurrir\u00eda. \u00abAhora es cuando se van a empezar a filtrar cosas: los mensajes de ella a sus amigas en los que reconoce que nadie la ha violado, que estos \u201cse van a cagar\u201d, \u201cvoy a empezar a mentir m\u00e1s de la cuenta &#8230;\u201d; ahora es cuando se va a empezar a filtrar porque voy a ser siempre luchador de la igualdad para las mujeres, pero creo que a nosotros en este mismo momento nos est\u00e1n jodiendo por todas partes y hay que cambiar esto\u00bb, afirm\u00f3 entonces Carlos Cuadrado. A esas conversaciones ya se hizo referencia durante el juicio \u2013que se celebr\u00f3 a puerta cerrada\u2013 y en la fase de instrucci\u00f3n. Los jueces no les dieron valor probatorio y los atribuyeron a la \u00abinmadurez\u00bb de la joven. Aunque estos mensajes, a los que ha tenido acceso este diario, son la pieza clave para la defensa en su estrategia ante el Tribunal Superior de Justicia de Castilla y Le\u00f3n. Salen a la luz a cuatro d\u00edas de que el pr\u00f3ximo mi\u00e9rcoles, a partir de las 10.00 horas, se celebre la \u00abvistilla\u00bb en la que la Audiencia deber\u00e1 decidir si los tres penados entran en prisi\u00f3n de forma inmediata \u2013como piden la Fiscal\u00eda y la acusaci\u00f3n particular\u2013 o no \u2013las defensas de los jugadores recurrir\u00e1n el fallo ante el Tribunal Superior de Justicia de Castilla y Le\u00f3n\u2013. Denuncias falsas La filtraci\u00f3n hoy s\u00e1bado de los audios se suma a la concentraci\u00f3n que ha tenido lugar por la tarde en Aranda de Duero. En la localidad ribere\u00f1a \u2013donde los jugadores llevaban tres meses cuando sucedieron los hechos denunciados\u2013 unas 350 personas acudieron a la llamada realizada el viernes a trav\u00e9s de las redes sociales para mostrar su apoyo a los condenados y expresar su rechazo a la elevada pena impuesta. #YoS\u00edoscreo, el hashtag utilizado y la expresi\u00f3n coreada en la concentraci\u00f3n, a la que adem\u00e1s de vecinos acudieron algunos familiares y allegados de los futbolistas, pese a no ser de la localidad burgalesa. \u00abPresunci\u00f3n de inocencia\u00bby \u00abJueces sometidos por la mafia hembrista\u00bb eran dos de los lemas que pod\u00edan leerse en algunas de las pancartas que portaban, adem\u00e1s de pedir que las \u00abdenuncias falsas tambi\u00e9n tengan penas ejemplarizantes\u00bb. Y as\u00ed lo recalcaron tambi\u00e9n en los manifiestos que se leyeron durante la concentraci\u00f3n, en los que gritaron \u00abno est\u00e1is solos\u00bb y mostraron tanto su apoyo a los penados como su rechazo a la condena. \u00abEs muy duro para nosotros lo que estamos viviendo. Nunca pens\u00e9 que tendr\u00eda que estar aqu\u00ed y as\u00ed\u00bb, coment\u00f3 una prima de Ra\u00fal Calvo, tras la lectura del manifiesto, para a continuaci\u00f3n agradecer el apoyo que est\u00e1n recibiendo y que ha dicho que les \u00abda fuerza para seguir luchando\u00bb, informa Efe. Tambi\u00e9n intervino la novia de Carlos Cuadrado para leer en nombre del padre una carta calificando la resoluci\u00f3n judicial de \u00abincongruente\u00bb y \u00abpara contentar a la presi\u00f3n medi\u00e1tica\u00bb. Han sido \u00abdos a\u00f1os horrorosos, tanto nuestros hijos como nuestras familias y allegados, emocional y econ\u00f3micamente, afectando a nuestra salud\u00bb, agreg\u00f3. Lo cierto es que la condena ha dividido al pueblo y generado piniones dispares: quienes consideran elevados 38 a\u00f1os y quienes censuran el apoyo a unos \u00abvioladores\u00bb.<br \/>\nVia: <a href=\"https:\/\/www.abc.es\/espana\/castilla-leon\/abci-filtran-primeros-audios-menor-caso-arandina-201912141749_noticia.html\" target=\"_blank\">Los audios de la menor del caso Arandina: \u00abSi se van de la lengua, incluyo cosas inventadas\u00bb<\/a><\/p>\n","protected":false},"excerpt":{"rendered":"<p>Dicho y hecho. Con el veredicto a\u00fan caliente \u2013como muchos \u00e1nimos tambi\u00e9n lo estaban\u2013 de condena a 38 a\u00f1os de prisi\u00f3n a tres exjugadores de la Arandina \u2013Carlos Cuadrado \u00abLucho\u00bb, V\u00edctor V\u00edctor Rodr\u00edguez \u00abViti\u00bb y Ra\u00fal Calvo\u2013 por un delito de agresi\u00f3n sexual sobre una menor \u2013de 15 a\u00f1os de [&hellip;]<\/p>\n","protected":false},"author":2,"featured_media":123401,"comment_status":"open","ping_status":"closed","sticky":false,"template":"","format":"standard","meta":{"footnotes":""},"categories":[6],"tags":[],"class_list":["post-123400","post","type-post","status-publish","format-standard","has-post-thumbnail","hentry","category-spanish"],"_links":{"self":[{"href":"https:\/\/theworldwidejournal.com\/index.php?rest_route=\/wp\/v2\/posts\/123400","targetHints":{"allow":["GET"]}}],"collection":[{"href":"https:\/\/theworldwidejournal.com\/index.php?rest_route=\/wp\/v2\/posts"}],"about":[{"href":"https:\/\/theworldwidejournal.com\/index.php?rest_route=\/wp\/v2\/types\/post"}],"author":[{"embeddable":true,"href":"https:\/\/theworldwidejournal.com\/index.php?rest_route=\/wp\/v2\/users\/2"}],"replies":[{"embeddable":true,"href":"https:\/\/theworldwidejournal.com\/index.php?rest_route=%2Fwp%2Fv2%2Fcomments&post=123400"}],"version-history":[{"count":0,"href":"https:\/\/theworldwidejournal.com\/index.php?rest_route=\/wp\/v2\/posts\/123400\/revisions"}],"wp:featuredmedia":[{"embeddable":true,"href":"https:\/\/theworldwidejournal.com\/index.php?rest_route=\/wp\/v2\/media\/123401"}],"wp:attachment":[{"href":"https:\/\/theworldwidejournal.com\/index.php?rest_route=%2Fwp%2Fv2%2Fmedia&parent=123400"}],"wp:term":[{"taxonomy":"category","embeddable":true,"href":"https:\/\/theworldwidejournal.com\/index.php?rest_route=%2Fwp%2Fv2%2Fcategories&post=123400"},{"taxonomy":"post_tag","embeddable":true,"href":"https:\/\/theworldwidejournal.com\/index.php?rest_route=%2Fwp%2Fv2%2Ftags&post=123400"}],"curies":[{"name":"wp","href":"https:\/\/api.w.org\/{rel}","templated":true}]}}