{"id":123462,"date":"2019-12-15T13:40:14","date_gmt":"2019-12-15T12:40:14","guid":{"rendered":"https:\/\/theworldwidejournal.com\/2019\/12\/15\/el-psc-reivindica-el-catalan-como-lengua-de-cohesion-pero-afea-la-instrumentalizacion-de-la-inmersion\/"},"modified":"2019-12-15T13:40:14","modified_gmt":"2019-12-15T12:40:14","slug":"el-psc-reivindica-el-catalan-como-lengua-de-cohesion-pero-afea-la-instrumentalizacion-de-la-inmersion","status":"publish","type":"post","link":"https:\/\/theworldwidejournal.com\/?p=123462","title":{"rendered":"El PSC reivindica el catal\u00e1n como \u00ablengua de cohesi\u00f3n\u00bb pero afea la instrumentalizaci\u00f3n de la inmersi\u00f3n"},"content":{"rendered":"<p>A vueltas con la lengua y con la inmersi\u00f3n, el PSC ha aprobado este domingo una resoluci\u00f3n que reivindica el catal\u00e1n como lengua de cohesi\u00f3n y los derechos ling\u00fc\u00edsticos de todos ante \u00abel riesgo de polarizaci\u00f3n entre los dos segregacionismos presentes en la sociedad catalana\u00bb, despu\u00e9s de incluir el concepto de &#8216;inmersi\u00f3n ling\u00fc\u00edstica&#8217;, con el fin de renovarla y flexibilizarla, en la ponencia de su 14 Congreso. La propuesta, avalada por todos los delegados que han asistido al 14 Congreso del PSC excepto uno, que se ha abstenido, parte de la base de que la sociedad catalana est\u00e1 comprometida con el fomento de la lengua catalana, y dispone de dos lenguas de comunicaci\u00f3n en el territorio que son el catal\u00e1n y el castellano, junto con el aran\u00e8s. Seg\u00fan Eva Granados, encargada de presentar la propuesta, los socialistas abren un debate necesario en materia ling\u00fc\u00edstica. \u00abTenemos la evidencia de que como pa\u00eds no estamos haciendo bien las cosas, y el PSC quiere abrir este debate para mejorar la igualdad de oportunidades\u00bb, ha dicho. \u00abAnte los koin\u00e9, aquellos que nos llaman a los castellanoparlantes colonizadores ling\u00fc\u00edsticos y que quieren que el castellano sea lengua extranjera, y delante de los que nos llaman nacionalistas por querer garantizar la convivencia desde el compromiso cerrado con el catal\u00e1n, les decimos que Catalu\u00f1a tiene dos lenguas de comunicaci\u00f3n, dos lenguas de afecto que las sentimos y vivimos como propias, y por eso no nos callar\u00e1n\u00bb, ha a\u00f1adido. En el documento, los socialistas recuerdan el impulso que junto al PSUC dieron a la inmersi\u00f3n ling\u00fc\u00edstica y c\u00f3mo convergentes y republicanos eran reacios en los or\u00edgenes y pese a ello la apoyaron para que la lengua no fuera una barrera sino \u00abun elemento de cohesi\u00f3n social y de igualdad de oportunidades\u00bb. El PSC reafirma su compromiso con la lengua catalana y el respeto y la garant\u00eda de derechos ling\u00fc\u00edsticos de todo el mundo y alerta de que est\u00e1n \u00abde un lado los que menosprecian la diferencia. De otro, los que la defienden, pero parece que pretendan crear comunidades separadas o imponer el monoling\u00fcismo catal\u00e1n\u00bb. \u00abPor cierto nacionalismo, la inmersi\u00f3n en catal\u00e1n ha sido entendida no como un m\u00e9todo para el dominio efectivo de esta lengua por parte de las personas castellanohablantes, sino como la materializaci\u00f3n del modelo monoling\u00fce que algunos so\u00f1aban, y esto comparte la instrumentalizaci\u00f3n de un m\u00e9todo pedag\u00f3gico hacia finalidades ideol\u00f3gicas que lo degradan\u00bb, contin\u00faa el texto. Los socialistas seguir\u00e1n apostando, \u00abcomo lo hace la Ley de Educaci\u00f3n de Catalunya, por el catal\u00e1n como lengua vehicular en la escuela\u00bb, modernizando y flexibilizando el modelo de inmersi\u00f3n ling\u00fc\u00edstica para dar respuesta a todas las realidades socioling\u00fc\u00edsticas, y avanzando hacia un modelo pluriling\u00fce. Aun as\u00ed, destacan que \u00abes necesario velar para que ninguna lengua cooficial quede excluida de la escuela como lengua vehiculadora de ense\u00f1anza, por razones de aprendizaje pero tambi\u00e9n por cuestiones afectivas y simb\u00f3licas\u00bb.<br \/>\nVia: <a href=\"https:\/\/www.abc.es\/espana\/catalunya\/politica\/abci-reivindica-catalan-como-lengua-cohesion-pero-afea-instrumentalizacion-inmersion-201912151340_noticia.html\" target=\"_blank\">El PSC reivindica el catal\u00e1n como \u00ablengua de cohesi\u00f3n\u00bb pero afea la instrumentalizaci\u00f3n de la inmersi\u00f3n<\/a><\/p>\n","protected":false},"excerpt":{"rendered":"<p>A vueltas con la lengua y con la inmersi\u00f3n, el PSC ha aprobado este domingo una resoluci\u00f3n que reivindica el catal\u00e1n como lengua de cohesi\u00f3n y los derechos ling\u00fc\u00edsticos de todos ante \u00abel riesgo de polarizaci\u00f3n entre los dos segregacionismos presentes en la sociedad catalana\u00bb, despu\u00e9s de incluir el concepto [&hellip;]<\/p>\n","protected":false},"author":2,"featured_media":123463,"comment_status":"open","ping_status":"closed","sticky":false,"template":"","format":"standard","meta":{"footnotes":""},"categories":[6],"tags":[],"class_list":["post-123462","post","type-post","status-publish","format-standard","has-post-thumbnail","hentry","category-spanish"],"_links":{"self":[{"href":"https:\/\/theworldwidejournal.com\/index.php?rest_route=\/wp\/v2\/posts\/123462","targetHints":{"allow":["GET"]}}],"collection":[{"href":"https:\/\/theworldwidejournal.com\/index.php?rest_route=\/wp\/v2\/posts"}],"about":[{"href":"https:\/\/theworldwidejournal.com\/index.php?rest_route=\/wp\/v2\/types\/post"}],"author":[{"embeddable":true,"href":"https:\/\/theworldwidejournal.com\/index.php?rest_route=\/wp\/v2\/users\/2"}],"replies":[{"embeddable":true,"href":"https:\/\/theworldwidejournal.com\/index.php?rest_route=%2Fwp%2Fv2%2Fcomments&post=123462"}],"version-history":[{"count":0,"href":"https:\/\/theworldwidejournal.com\/index.php?rest_route=\/wp\/v2\/posts\/123462\/revisions"}],"wp:featuredmedia":[{"embeddable":true,"href":"https:\/\/theworldwidejournal.com\/index.php?rest_route=\/wp\/v2\/media\/123463"}],"wp:attachment":[{"href":"https:\/\/theworldwidejournal.com\/index.php?rest_route=%2Fwp%2Fv2%2Fmedia&parent=123462"}],"wp:term":[{"taxonomy":"category","embeddable":true,"href":"https:\/\/theworldwidejournal.com\/index.php?rest_route=%2Fwp%2Fv2%2Fcategories&post=123462"},{"taxonomy":"post_tag","embeddable":true,"href":"https:\/\/theworldwidejournal.com\/index.php?rest_route=%2Fwp%2Fv2%2Ftags&post=123462"}],"curies":[{"name":"wp","href":"https:\/\/api.w.org\/{rel}","templated":true}]}}