{"id":123466,"date":"2019-12-15T11:09:42","date_gmt":"2019-12-15T10:09:42","guid":{"rendered":"https:\/\/theworldwidejournal.com\/2019\/12\/15\/la-cumbre-del-clima-mas-larga-de-la-historia-termina-con-un-acuerdo-minimo-y-sin-mercados-de-carbono\/"},"modified":"2019-12-15T11:09:42","modified_gmt":"2019-12-15T10:09:42","slug":"la-cumbre-del-clima-mas-larga-de-la-historia-termina-con-un-acuerdo-minimo-y-sin-mercados-de-carbono","status":"publish","type":"post","link":"https:\/\/theworldwidejournal.com\/?p=123466","title":{"rendered":"La Cumbre del Clima m\u00e1s larga de la historia termina con un acuerdo m\u00ednimo y sin mercados de carbono"},"content":{"rendered":"<p>A las 6 de la ma\u00f1ana de este domingo, la Cumbre del Clima que se celebra en Madrid (COP25) se convert\u00eda en la m\u00e1s larga de la historia, superando as\u00ed las 36 horas de retraso con que termin\u00f3 la de Durban (en 2011). Finalmente, en un pleno que ha comenzado este domingo sobre las 10, se ha logrado sacar adelante un texto con referencias a aumentar la ambici\u00f3n clim\u00e1tica, es decir, a presentar planes de recortes de emisiones m\u00e1s duros en 2020. Se ha quedado fuera la regulaci\u00f3n para los mercados de carbono, bajo el cual los pa\u00edses y empresas hubieran podido intercambiar derechos de emisiones. Este a\u00f1o, el lema de la cumbre ha sido \u00abtiempo de actuar\u00bb. Un eslogan que se refer\u00eda a la necesidad de que los gobiernos adquirieran el compromiso de recortar las emisiones de efecto invernadero y lo hicieran ya, o m\u00e1s tardar, en 2020, ya que hoy la temperaura global del planeta va camino de superar los 3\u00baC, lejos de lo que la ciencia considera \u00abseguro\u00bb. Pero las presiones por parte de algunos de los principales emisores, como Estados Unidos, y de pa\u00edses en fase de crecimiento como Brasil o India, para no incluir todav\u00eda la necesidad de endurecer los recortes de emisiones ha sido constante. El s\u00e1bado, el texto que se propuso result\u00f3 inaceptable para una gran cantidad de estados por su falta de ambici\u00f3n, y comenz\u00f3 un marat\u00f3n negociador, ya en el tiempo de descuento, para intentar evitar el fracaso estrepitoso del encuentro. La presidencia de la cumbre se afanaba en crear un nuevo texto con un \u00abllamado general\u00bb a la ambici\u00f3n y entrada la madrugada, encargaba a la ministra para la Transici\u00f3n Ecol\u00f3gica, Teresa Ribera, que supervisara las conversaciones en este punto. Finalmente, el texto aprobado este domingo anima a que los pa\u00edses presenten en 2020 unos compromisos m\u00e1s ambiciosos de reducci\u00f3n de emisiones e insta a que se tenga en cuenta la brecha que existe entre los planes presentados y los objetivos del Acuerdo de Par\u00eds, es decir, limitar el calentamiento global a 1,5\u00baC (o no superar los 2\u00baC). En concreto, la declaraci\u00f3n \u00abalienta\u00bb a los pa\u00edses a \u00abaprovechar la oportunidad en 2020 para reflejar la mayor ambici\u00f3n posible en respuesta a la urgencia de abordar el cambio clim\u00e1tico\u00bb y \u00abvuelve a enfatizar con grave preocupaci\u00f3n la urgente necesidad de abordar la brecha\u00bb entre los planes presentados hasta ahora y lo que ser\u00eda necesario para limitar la temperatura a 1,5\u00baC. La comunidad internacional ha perdido una oportunidad importante para mostrar una mayor ambici\u00f3n en mitigaci\u00f3n, adaptaci\u00f3n y financiaci\u00f3n para hacer frente a la crisis clim\u00e1tica Ant\u00f3nio Guterres, \u00abEstoy decepcionado con los resultados de la COP25. La comunidad internacional ha perdido una oportunidad importante para mostrar una mayor ambici\u00f3n en mitigaci\u00f3n, adaptaci\u00f3n y financiaci\u00f3n para hacer frente a la crisis clim\u00e1tica\u00bb, ha valorado el secretario general de Naciones Unidas, Ant\u00f3nio Guterres. Seg\u00fan el Ministerio para la Transici\u00f3n Ecol\u00f3gica, el acuerdo \u00absienta las bases para que, en 2020, los pa\u00edses presenten compromisos de reducci\u00f3n de emisiones\u00bb, aunque desde las organizaciones sociales las primeras reacciones ya son de decepci\u00f3n, al no responder de forma clara a las peticiones que se han hecho en la calle. \u00abEl resultado de esta COP25 es realmente una mezcla, y est\u00e1 muy lejos de lo que la ciencia nos dice que es necesario\u00bb, ha valorado Laurence Tubiana, arquitecta del Acuerdo de Par\u00eds en 2015. Fracaso en los mercados de carbono Sobre la creaci\u00f3n de los mercados de carbono, otro de los grandes puntos de fricci\u00f3n durante las negociaciones y que permitir\u00edan el comercio de emisiones entre pa\u00edses (y tambi\u00e9n a las empresas), la cita ha concluido sin acuerdo. Ser\u00e1 necesario seguir negociando en pr\u00f3ximas citas. \u00abSe trabaj\u00f3 intensamente para asegurar unos mercados de carbono globales que aseguren una contabilidad robusta respetuosa de la integridad ambiental. Algunos no se sintieron c\u00f3modos, as\u00ed que queda pendiente para el a\u00f1o que viene\u00bb, ha tuiteado desde el plenario Teresa Ribera. Durante estas semanas, Australia, Brasil y Estados Unidos han estado bloqueando las negociaciones para la creaci\u00f3n de un mercado de carbono con reglas claras y en el que piden que se incluyan los derechos adquiridos en a\u00f1os anteriores para emitir CO2 (generados bajo el protocolo de Kioto), mientras la Uni\u00f3n Europea y los peque\u00f1os estados insulares han insistido en lo contrario. Tem\u00edan que se viera amenazada la \u00abintegridad ambiental\u00bb del planeta al permitir una mayor emisi\u00f3n de gases de efecto invernadero y ya advirtieron de que era mejor acabar sin acuerdo que cerrar uno malo. \u00abEs triste no haber podido llegar a un acuerdo, estuvimo tan cerca&#8230;\u00bb, ha lamentado la presidenta de la cumbre, la chilena Carolina Schmidt, pero \u00abhoy tenemos un avance concreto en textos concretos\u00bb sobre los mercados de carbono, ha dicho, para poder trabajarlos en el futuro. Esto se producir\u00e1 el a\u00f1o que viene en Glasgow, donde se celebrar\u00e1 la siguiente Cumbre del Clima.<br \/>\nVia: <a href=\"https:\/\/www.abc.es\/sociedad\/abci-cumbre-clima-mas-larga-historia-logra-sacar-adelante-llamamiento-ambicion-201912151109_noticia.html\" target=\"_blank\">La Cumbre del Clima m\u00e1s larga de la historia termina con un acuerdo m\u00ednimo y sin mercados de carbono<\/a><\/p>\n","protected":false},"excerpt":{"rendered":"<p>A las 6 de la ma\u00f1ana de este domingo, la Cumbre del Clima que se celebra en Madrid (COP25) se convert\u00eda en la m\u00e1s larga de la historia, superando as\u00ed las 36 horas de retraso con que termin\u00f3 la de Durban (en 2011). Finalmente, en un pleno que ha comenzado [&hellip;]<\/p>\n","protected":false},"author":2,"featured_media":123467,"comment_status":"open","ping_status":"closed","sticky":false,"template":"","format":"standard","meta":{"footnotes":""},"categories":[6],"tags":[],"class_list":["post-123466","post","type-post","status-publish","format-standard","has-post-thumbnail","hentry","category-spanish"],"_links":{"self":[{"href":"https:\/\/theworldwidejournal.com\/index.php?rest_route=\/wp\/v2\/posts\/123466","targetHints":{"allow":["GET"]}}],"collection":[{"href":"https:\/\/theworldwidejournal.com\/index.php?rest_route=\/wp\/v2\/posts"}],"about":[{"href":"https:\/\/theworldwidejournal.com\/index.php?rest_route=\/wp\/v2\/types\/post"}],"author":[{"embeddable":true,"href":"https:\/\/theworldwidejournal.com\/index.php?rest_route=\/wp\/v2\/users\/2"}],"replies":[{"embeddable":true,"href":"https:\/\/theworldwidejournal.com\/index.php?rest_route=%2Fwp%2Fv2%2Fcomments&post=123466"}],"version-history":[{"count":0,"href":"https:\/\/theworldwidejournal.com\/index.php?rest_route=\/wp\/v2\/posts\/123466\/revisions"}],"wp:featuredmedia":[{"embeddable":true,"href":"https:\/\/theworldwidejournal.com\/index.php?rest_route=\/wp\/v2\/media\/123467"}],"wp:attachment":[{"href":"https:\/\/theworldwidejournal.com\/index.php?rest_route=%2Fwp%2Fv2%2Fmedia&parent=123466"}],"wp:term":[{"taxonomy":"category","embeddable":true,"href":"https:\/\/theworldwidejournal.com\/index.php?rest_route=%2Fwp%2Fv2%2Fcategories&post=123466"},{"taxonomy":"post_tag","embeddable":true,"href":"https:\/\/theworldwidejournal.com\/index.php?rest_route=%2Fwp%2Fv2%2Ftags&post=123466"}],"curies":[{"name":"wp","href":"https:\/\/api.w.org\/{rel}","templated":true}]}}