{"id":123495,"date":"2019-12-15T19:37:17","date_gmt":"2019-12-15T18:37:17","guid":{"rendered":"https:\/\/theworldwidejournal.com\/2019\/12\/15\/rene-dosiere-je-ne-vois-pas-comment-delevoye-pourra-defendre-sa-reforme-devant-le-parlement\/"},"modified":"2019-12-15T19:37:17","modified_gmt":"2019-12-15T18:37:17","slug":"rene-dosiere-je-ne-vois-pas-comment-delevoye-pourra-defendre-sa-reforme-devant-le-parlement","status":"publish","type":"post","link":"https:\/\/theworldwidejournal.com\/?p=123495","title":{"rendered":"Ren\u00e9 Dosi\u00e8re\u00a0: \u00abJe ne vois pas comment Delevoye pourra d\u00e9fendre sa r\u00e9forme devant le Parlement\u00bb"},"content":{"rendered":"<p>L&#8217;ancien d\u00e9put\u00e9 PS de l&#8217;Aisne et fondateur de l\u2019Observatoire de l\u2019\u00e9thique publique estime qu\u2019il y a eu une accumulation d\u2019erreurs dans le traitement des d\u00e9clarations d\u2019int\u00e9r\u00eat du haut commissaire aux retraites.<br \/>\nVia: <a href=\"https:\/\/www.liberation.fr\/france\/2019\/12\/15\/rene-dosiere-je-ne-vois-pas-comment-delevoye-pourra-defendre-sa-reforme-devant-le-parlement_1769389?xtor=rss-450\" target=\"_blank\">Ren\u00e9 Dosi\u00e8re\u00a0: \u00abJe ne vois pas comment Delevoye pourra d\u00e9fendre sa r\u00e9forme devant le Parlement\u00bb<\/a><\/p>\n","protected":false},"excerpt":{"rendered":"<p>L&#8217;ancien d\u00e9put\u00e9 PS de l&#8217;Aisne et fondateur de l\u2019Observatoire de l\u2019\u00e9thique publique estime qu\u2019il y a eu une accumulation d\u2019erreurs dans le traitement des d\u00e9clarations d\u2019int\u00e9r\u00eat du haut commissaire aux retraites. Via: Ren\u00e9 Dosi\u00e8re\u00a0: \u00abJe ne vois pas comment Delevoye pourra d\u00e9fendre sa r\u00e9forme devant le Parlement\u00bb<\/p>\n","protected":false},"author":2,"featured_media":0,"comment_status":"open","ping_status":"closed","sticky":false,"template":"","format":"standard","meta":{"footnotes":""},"categories":[4],"tags":[],"class_list":["post-123495","post","type-post","status-publish","format-standard","hentry","category-french"],"_links":{"self":[{"href":"https:\/\/theworldwidejournal.com\/index.php?rest_route=\/wp\/v2\/posts\/123495","targetHints":{"allow":["GET"]}}],"collection":[{"href":"https:\/\/theworldwidejournal.com\/index.php?rest_route=\/wp\/v2\/posts"}],"about":[{"href":"https:\/\/theworldwidejournal.com\/index.php?rest_route=\/wp\/v2\/types\/post"}],"author":[{"embeddable":true,"href":"https:\/\/theworldwidejournal.com\/index.php?rest_route=\/wp\/v2\/users\/2"}],"replies":[{"embeddable":true,"href":"https:\/\/theworldwidejournal.com\/index.php?rest_route=%2Fwp%2Fv2%2Fcomments&post=123495"}],"version-history":[{"count":0,"href":"https:\/\/theworldwidejournal.com\/index.php?rest_route=\/wp\/v2\/posts\/123495\/revisions"}],"wp:attachment":[{"href":"https:\/\/theworldwidejournal.com\/index.php?rest_route=%2Fwp%2Fv2%2Fmedia&parent=123495"}],"wp:term":[{"taxonomy":"category","embeddable":true,"href":"https:\/\/theworldwidejournal.com\/index.php?rest_route=%2Fwp%2Fv2%2Fcategories&post=123495"},{"taxonomy":"post_tag","embeddable":true,"href":"https:\/\/theworldwidejournal.com\/index.php?rest_route=%2Fwp%2Fv2%2Ftags&post=123495"}],"curies":[{"name":"wp","href":"https:\/\/api.w.org\/{rel}","templated":true}]}}