{"id":123597,"date":"2019-12-16T14:56:28","date_gmt":"2019-12-16T13:56:28","guid":{"rendered":"https:\/\/theworldwidejournal.com\/2019\/12\/16\/la-justicia-belga-aplaza-la-decision-sobre-la-extradicion-de-puigdemont-comin-y-puig-al-3-de-febrero\/"},"modified":"2019-12-16T14:56:28","modified_gmt":"2019-12-16T13:56:28","slug":"la-justicia-belga-aplaza-la-decision-sobre-la-extradicion-de-puigdemont-comin-y-puig-al-3-de-febrero","status":"publish","type":"post","link":"https:\/\/theworldwidejournal.com\/?p=123597","title":{"rendered":"La justicia belga aplaza la decisi\u00f3n sobre la extradici\u00f3n de Puigdemont, Com\u00edn y Puig al 3 de febrero"},"content":{"rendered":"<p>El segundo proceso abierto en B\u00e9lgica contra Carles Puigdemont va camino de volver a incumplir los plazos previstos para las euro\u00f3rdenes. El juez de primera instancia de Bruselas que debe resolver la demanda de extradici\u00f3n del expresidente de la Generalitat y los dos exconsejeros Toni Com\u00edn y Llu\u00eds Puig acept\u00f3 este lunes la petici\u00f3n de la defensa de aplazar la tramitaci\u00f3n de la euroorden hasta que la Corte de Luxemburgo se pronuncie sobre los procedimientos en marcha acerca de la inmunidad de los l\u00edderes independentistas. La C\u00e1mara del Consejo de Bruselas fij\u00f3 una nueva vista para el 3 de febrero de 2020 a las 14.00. La justicia europea dictar\u00e1 su primera sentencia al respecto este jueves, cuando se pronunciar\u00e1 sobre el caso del l\u00edder de ERC, Oriol Junqueras.Seguir leyendo.<br \/>\nVia: <a href=\"https:\/\/elpais.com\/politica\/2019\/12\/16\/actualidad\/1576478225_796992.html#?ref=rss&#038;format=simple&#038;link=link\" target=\"_blank\">La justicia belga aplaza la decisi\u00f3n sobre la extradici\u00f3n de Puigdemont, Com\u00edn y Puig al 3 de febrero<\/a><\/p>\n","protected":false},"excerpt":{"rendered":"<p>El segundo proceso abierto en B\u00e9lgica contra Carles Puigdemont va camino de volver a incumplir los plazos previstos para las euro\u00f3rdenes. El juez de primera instancia de Bruselas que debe resolver la demanda de extradici\u00f3n del expresidente de la Generalitat y los dos exconsejeros Toni Com\u00edn y Llu\u00eds Puig acept\u00f3 [&hellip;]<\/p>\n","protected":false},"author":2,"featured_media":0,"comment_status":"open","ping_status":"closed","sticky":false,"template":"","format":"standard","meta":{"footnotes":""},"categories":[6],"tags":[],"class_list":["post-123597","post","type-post","status-publish","format-standard","hentry","category-spanish"],"_links":{"self":[{"href":"https:\/\/theworldwidejournal.com\/index.php?rest_route=\/wp\/v2\/posts\/123597","targetHints":{"allow":["GET"]}}],"collection":[{"href":"https:\/\/theworldwidejournal.com\/index.php?rest_route=\/wp\/v2\/posts"}],"about":[{"href":"https:\/\/theworldwidejournal.com\/index.php?rest_route=\/wp\/v2\/types\/post"}],"author":[{"embeddable":true,"href":"https:\/\/theworldwidejournal.com\/index.php?rest_route=\/wp\/v2\/users\/2"}],"replies":[{"embeddable":true,"href":"https:\/\/theworldwidejournal.com\/index.php?rest_route=%2Fwp%2Fv2%2Fcomments&post=123597"}],"version-history":[{"count":0,"href":"https:\/\/theworldwidejournal.com\/index.php?rest_route=\/wp\/v2\/posts\/123597\/revisions"}],"wp:attachment":[{"href":"https:\/\/theworldwidejournal.com\/index.php?rest_route=%2Fwp%2Fv2%2Fmedia&parent=123597"}],"wp:term":[{"taxonomy":"category","embeddable":true,"href":"https:\/\/theworldwidejournal.com\/index.php?rest_route=%2Fwp%2Fv2%2Fcategories&post=123597"},{"taxonomy":"post_tag","embeddable":true,"href":"https:\/\/theworldwidejournal.com\/index.php?rest_route=%2Fwp%2Fv2%2Ftags&post=123597"}],"curies":[{"name":"wp","href":"https:\/\/api.w.org\/{rel}","templated":true}]}}