{"id":123598,"date":"2019-12-16T14:56:18","date_gmt":"2019-12-16T13:56:18","guid":{"rendered":"https:\/\/theworldwidejournal.com\/2019\/12\/16\/norman-foster-captura-la-luz-del-norte-en-la-ampliacion-del-bellas-artes-de-bilbao\/"},"modified":"2019-12-16T14:56:18","modified_gmt":"2019-12-16T13:56:18","slug":"norman-foster-captura-la-luz-del-norte-en-la-ampliacion-del-bellas-artes-de-bilbao","status":"publish","type":"post","link":"https:\/\/theworldwidejournal.com\/?p=123598","title":{"rendered":"Norman Foster captura \u201cla luz del norte\u201d en la ampliaci\u00f3n del Bellas Artes de Bilbao"},"content":{"rendered":"<p>Norman Foster en el subsuelo de Bilbao y ahora tambi\u00e9n en la superficie. El arquitecto brit\u00e1nico, que hace casi tres d\u00e9cadas mejor\u00f3 la movilidad de la ciudad con su proyecto del metro, ha presentado este lunes la ampliaci\u00f3n del Museo de Bellas Artes, con el que busca dejar una huella visible tambi\u00e9n por las calles de la capital vizca\u00edna. &#8220;Norman Foster ya es uno de los nuestros&#8221;, ha dicho el diputado general de Bizkaia, Unai Remeter\u00eda. El propio arquitecto se ha reconocido emocionado de que su proyecto, firmado con el estudio de Luis Mar\u00eda Uriarte, ganara el concurso. Y, de nuevo, el objetivo es mejorar la circulaci\u00f3n en la ciudad, al integrar la plaza circular de su fachada principal en el parque de Do\u00f1a Casilda, que abraza la pinacoteca.Seguir leyendo.<br \/>\nVia: <a href=\"https:\/\/elpais.com\/cultura\/2019\/12\/16\/actualidad\/1576499820_458594.html#?ref=rss&#038;format=simple&#038;link=link\" target=\"_blank\">Norman Foster captura \u201cla luz del norte\u201d en la ampliaci\u00f3n del Bellas Artes de Bilbao<\/a><\/p>\n","protected":false},"excerpt":{"rendered":"<p>Norman Foster en el subsuelo de Bilbao y ahora tambi\u00e9n en la superficie. El arquitecto brit\u00e1nico, que hace casi tres d\u00e9cadas mejor\u00f3 la movilidad de la ciudad con su proyecto del metro, ha presentado este lunes la ampliaci\u00f3n del Museo de Bellas Artes, con el que busca dejar una huella [&hellip;]<\/p>\n","protected":false},"author":2,"featured_media":0,"comment_status":"open","ping_status":"closed","sticky":false,"template":"","format":"standard","meta":{"footnotes":""},"categories":[6],"tags":[],"class_list":["post-123598","post","type-post","status-publish","format-standard","hentry","category-spanish"],"_links":{"self":[{"href":"https:\/\/theworldwidejournal.com\/index.php?rest_route=\/wp\/v2\/posts\/123598","targetHints":{"allow":["GET"]}}],"collection":[{"href":"https:\/\/theworldwidejournal.com\/index.php?rest_route=\/wp\/v2\/posts"}],"about":[{"href":"https:\/\/theworldwidejournal.com\/index.php?rest_route=\/wp\/v2\/types\/post"}],"author":[{"embeddable":true,"href":"https:\/\/theworldwidejournal.com\/index.php?rest_route=\/wp\/v2\/users\/2"}],"replies":[{"embeddable":true,"href":"https:\/\/theworldwidejournal.com\/index.php?rest_route=%2Fwp%2Fv2%2Fcomments&post=123598"}],"version-history":[{"count":0,"href":"https:\/\/theworldwidejournal.com\/index.php?rest_route=\/wp\/v2\/posts\/123598\/revisions"}],"wp:attachment":[{"href":"https:\/\/theworldwidejournal.com\/index.php?rest_route=%2Fwp%2Fv2%2Fmedia&parent=123598"}],"wp:term":[{"taxonomy":"category","embeddable":true,"href":"https:\/\/theworldwidejournal.com\/index.php?rest_route=%2Fwp%2Fv2%2Fcategories&post=123598"},{"taxonomy":"post_tag","embeddable":true,"href":"https:\/\/theworldwidejournal.com\/index.php?rest_route=%2Fwp%2Fv2%2Ftags&post=123598"}],"curies":[{"name":"wp","href":"https:\/\/api.w.org\/{rel}","templated":true}]}}