{"id":123626,"date":"2019-12-16T21:08:56","date_gmt":"2019-12-16T20:08:56","guid":{"rendered":"https:\/\/theworldwidejournal.com\/2019\/12\/16\/saccage-de-la-stele-du-marechal-juin-deux-ans-de-prison-dont-un-ferme-pour-lauteur-du-delit\/"},"modified":"2019-12-16T21:08:56","modified_gmt":"2019-12-16T20:08:56","slug":"saccage-de-la-stele-du-marechal-juin-deux-ans-de-prison-dont-un-ferme-pour-lauteur-du-delit","status":"publish","type":"post","link":"https:\/\/theworldwidejournal.com\/?p=123626","title":{"rendered":"Saccage de la st\u00e8le du mar\u00e9chal Juin\u00a0: deux ans de prison, dont un ferme, pour l\u2019auteur du d\u00e9lit"},"content":{"rendered":"<p>L\u2019auteur des faits, commis \u00e0 l\u2019occasion du premier anniversaire du mouvement des \u00ab\u00a0gilets jaunes\u00a0\u00bb, le 16\u00a0novembre \u00e0 Paris, pourrait \u00e9chapper \u00e0 la d\u00e9tention, mais il devra payer de lourds frais de r\u00e9paration.<br \/>\nVia: <a href=\"https:\/\/www.lemonde.fr\/societe\/article\/2019\/12\/16\/saccage-de-la-stele-du-marechal-juin-deux-ans-de-prison-pour-l-auteur-dont-un-ferme_6023105_3224.html\" target=\"_blank\">Saccage de la st\u00e8le du mar\u00e9chal Juin\u00a0: deux ans de prison, dont un ferme, pour l\u2019auteur du d\u00e9lit<\/a><\/p>\n","protected":false},"excerpt":{"rendered":"<p>L\u2019auteur des faits, commis \u00e0 l\u2019occasion du premier anniversaire du mouvement des \u00ab\u00a0gilets jaunes\u00a0\u00bb, le 16\u00a0novembre \u00e0 Paris, pourrait \u00e9chapper \u00e0 la d\u00e9tention, mais il devra payer de lourds frais de r\u00e9paration. Via: Saccage de la st\u00e8le du mar\u00e9chal Juin\u00a0: deux ans de prison, dont un ferme, pour l\u2019auteur du [&hellip;]<\/p>\n","protected":false},"author":2,"featured_media":0,"comment_status":"open","ping_status":"closed","sticky":false,"template":"","format":"standard","meta":{"footnotes":""},"categories":[4],"tags":[],"class_list":["post-123626","post","type-post","status-publish","format-standard","hentry","category-french"],"_links":{"self":[{"href":"https:\/\/theworldwidejournal.com\/index.php?rest_route=\/wp\/v2\/posts\/123626","targetHints":{"allow":["GET"]}}],"collection":[{"href":"https:\/\/theworldwidejournal.com\/index.php?rest_route=\/wp\/v2\/posts"}],"about":[{"href":"https:\/\/theworldwidejournal.com\/index.php?rest_route=\/wp\/v2\/types\/post"}],"author":[{"embeddable":true,"href":"https:\/\/theworldwidejournal.com\/index.php?rest_route=\/wp\/v2\/users\/2"}],"replies":[{"embeddable":true,"href":"https:\/\/theworldwidejournal.com\/index.php?rest_route=%2Fwp%2Fv2%2Fcomments&post=123626"}],"version-history":[{"count":0,"href":"https:\/\/theworldwidejournal.com\/index.php?rest_route=\/wp\/v2\/posts\/123626\/revisions"}],"wp:attachment":[{"href":"https:\/\/theworldwidejournal.com\/index.php?rest_route=%2Fwp%2Fv2%2Fmedia&parent=123626"}],"wp:term":[{"taxonomy":"category","embeddable":true,"href":"https:\/\/theworldwidejournal.com\/index.php?rest_route=%2Fwp%2Fv2%2Fcategories&post=123626"},{"taxonomy":"post_tag","embeddable":true,"href":"https:\/\/theworldwidejournal.com\/index.php?rest_route=%2Fwp%2Fv2%2Ftags&post=123626"}],"curies":[{"name":"wp","href":"https:\/\/api.w.org\/{rel}","templated":true}]}}