{"id":123807,"date":"2019-12-18T01:10:00","date_gmt":"2019-12-18T00:10:00","guid":{"rendered":"https:\/\/theworldwidejournal.com\/2019\/12\/18\/el-supremo-avala-bajar-el-sueldo-a-los-funcionarios-poco-productivos\/"},"modified":"2019-12-18T01:10:00","modified_gmt":"2019-12-18T00:10:00","slug":"el-supremo-avala-bajar-el-sueldo-a-los-funcionarios-poco-productivos","status":"publish","type":"post","link":"https:\/\/theworldwidejournal.com\/?p=123807","title":{"rendered":"El Supremo avala bajar el sueldo a los funcionarios poco productivos"},"content":{"rendered":"<p>La secci\u00f3n cuarta de la Sala de lo Contencioso-Administrativo del Tribunal Supremo acaba de avalar que la Administraci\u00f3n P\u00fablica pueda rebajar el sueldo a una funcionaria, a trav\u00e9s de un recorte del complemento de productividad llevado a cabo por disminuir su rendimiento.\u00a0Seg\u00fan la sentencia, en la normativa \u201cqueda claro que lo asignado en un determinado per\u00edodo de tiempo no significa id\u00e9ntica asignaci\u00f3n en otro\u201d, es decir, que el plus de productividad no se consolida. Adem\u00e1s, los jueces reconocen un \u201cmargen de discrecionalidad de la administraci\u00f3n\u201d para recortar ese plus si cae la productividad. En este caso, la jefe de la funcionaria dijo que no atend\u00eda el tel\u00e9fono, que no obedec\u00eda las instrucciones y que trabajaba menos de lo que le correspond\u00eda.Seguir leyendo.<br \/>\nVia: <a href=\"https:\/\/elpais.com\/cincodias\/2019\/12\/17\/economia\/1576613140_394706.html#?ref=rss&#038;format=simple&#038;link=link\" target=\"_blank\">El Supremo avala bajar el sueldo a los funcionarios poco productivos<\/a><\/p>\n","protected":false},"excerpt":{"rendered":"<p>La secci\u00f3n cuarta de la Sala de lo Contencioso-Administrativo del Tribunal Supremo acaba de avalar que la Administraci\u00f3n P\u00fablica pueda rebajar el sueldo a una funcionaria, a trav\u00e9s de un recorte del complemento de productividad llevado a cabo por disminuir su rendimiento.\u00a0Seg\u00fan la sentencia, en la normativa \u201cqueda claro que [&hellip;]<\/p>\n","protected":false},"author":2,"featured_media":0,"comment_status":"open","ping_status":"closed","sticky":false,"template":"","format":"standard","meta":{"footnotes":""},"categories":[6],"tags":[],"class_list":["post-123807","post","type-post","status-publish","format-standard","hentry","category-spanish"],"_links":{"self":[{"href":"https:\/\/theworldwidejournal.com\/index.php?rest_route=\/wp\/v2\/posts\/123807","targetHints":{"allow":["GET"]}}],"collection":[{"href":"https:\/\/theworldwidejournal.com\/index.php?rest_route=\/wp\/v2\/posts"}],"about":[{"href":"https:\/\/theworldwidejournal.com\/index.php?rest_route=\/wp\/v2\/types\/post"}],"author":[{"embeddable":true,"href":"https:\/\/theworldwidejournal.com\/index.php?rest_route=\/wp\/v2\/users\/2"}],"replies":[{"embeddable":true,"href":"https:\/\/theworldwidejournal.com\/index.php?rest_route=%2Fwp%2Fv2%2Fcomments&post=123807"}],"version-history":[{"count":0,"href":"https:\/\/theworldwidejournal.com\/index.php?rest_route=\/wp\/v2\/posts\/123807\/revisions"}],"wp:attachment":[{"href":"https:\/\/theworldwidejournal.com\/index.php?rest_route=%2Fwp%2Fv2%2Fmedia&parent=123807"}],"wp:term":[{"taxonomy":"category","embeddable":true,"href":"https:\/\/theworldwidejournal.com\/index.php?rest_route=%2Fwp%2Fv2%2Fcategories&post=123807"},{"taxonomy":"post_tag","embeddable":true,"href":"https:\/\/theworldwidejournal.com\/index.php?rest_route=%2Fwp%2Fv2%2Ftags&post=123807"}],"curies":[{"name":"wp","href":"https:\/\/api.w.org\/{rel}","templated":true}]}}