{"id":123818,"date":"2019-12-18T01:53:53","date_gmt":"2019-12-18T00:53:53","guid":{"rendered":"https:\/\/theworldwidejournal.com\/2019\/12\/18\/desde-la-torre-eiffel-cerrada-a-cantar-la-marsellesa-en-la-opera-de-paris\/"},"modified":"2019-12-18T01:53:53","modified_gmt":"2019-12-18T00:53:53","slug":"desde-la-torre-eiffel-cerrada-a-cantar-la-marsellesa-en-la-opera-de-paris","status":"publish","type":"post","link":"https:\/\/theworldwidejournal.com\/?p=123818","title":{"rendered":"Desde la torre Eiffel cerrada a cantar la Marsellesa en la \u00d3pera de Par\u00eds"},"content":{"rendered":"<p>Los sindicatos y los ciudadanos franceses volvieron a salir este martes a la calle para protestar contra el proyecto para reformar las pensiones, promovido por el Gobierno de Macron. Aunque las manifestaciones y los paros fueron m\u00e1s intensos que en d\u00edas anteriores, no logr\u00f3 alcanzar el nivel de la primera gran cita, el 5 de diciembre. A\u00fan as\u00ed, las movilizaciones, adem\u00e1s de celebrarse en Par\u00eds, se extendieron a 110 ciudades, seg\u00fan informaba ayer Le Figaro. Seg\u00fan los sindicatos, salieron a la calle 1,8 millones de manifestantes. Y como en ocasiones anteriores la vida cotidiana se vio alterada por los paros y las protestas en varios aspectos. Aqu\u00ed nos referimos a algunos: Museos cerrados Las protestas y paros de ayer llevaron a algunos museos y atracciones tur\u00edsticas a cerrar sus puertas: el Museo Picasso, el Palacio de Versalles y la Torre Eiffel, que tambi\u00e9n ech\u00f3 el cierre el pasado 5 de diciembre. Otros, sin embargo, decidieron permanecer abiertos ofreciendo la entrada libre, como fue el caso del Museo D\u2019Orsay. 75,8% paro de los conductores del SNCF El sector del transporte es uno de los m\u00e1s afectados por los paros. Seg\u00fan el SNCF (empresa estatal de ferrocariles), el 75,8% de los conductores secundaron los paros, el 59,2% de los controladores. Y ocho l\u00edneas de metro permanecieron ayer cerradas. Colegios cerrados o bloqueados El anunci\u00f3 de que entre el 50% y el 60% de los profesores -primaria y secundaria, respectivamente- pensaban secundar los paros de ayer (aunque el Ministerio de Educaci\u00f3n redujo el porcentaje al 25%) llevo a muchos colegios a cerrar las puertas. Otros, como el Lyc\u00e9e Burgot, en el distrito 3 de Par\u00eds, fue bloqueado por estudiantes. Una botella de \u00e1cido Ayer no faltaron los incidentes que dejaron varios heridos: uno de ellos tuvo lugar en la localidad francesa de Lille donde lanzaron una botella de \u00e1cido contra la polic\u00eda, que se rompi\u00f3 y explot\u00f3 al chocar contra el suelo, seg\u00fan inform\u00f3 Afp. Tambi\u00e9n tuvo lugar una explosi\u00f3n cuando arracanba una manifestaci\u00f3n en Avi\u00f1\u00f3n, provocando dos heridos. La Marsellesa en la \u00d3pera de Par\u00eds Entre las acciones e incidentes durante las protestas tambi\u00e9n hubo an\u00e9cdotas de color como la que sucedi\u00f3 a las puertas de la \u00d3pera de Par\u00eds. A medida que la Plaza de la Bastilla comenz\u00f3 a llenarse, los manifestantes y trabajadores de la \u00d3pera de Par\u00eds entonaron el himno nacional de Francia, la Marsellesa, seg\u00fan recogi\u00f3 el diario \u00abLe Figaro\u00bb.<br \/>\nVia: <a href=\"https:\/\/www.abc.es\/internacional\/abci-desde-torre-eiffel-cerrada-cantar-marsellesa-opera-paris-201912180153_noticia.html\" target=\"_blank\">Desde la torre Eiffel cerrada a cantar la Marsellesa en la \u00d3pera de Par\u00eds<\/a><\/p>\n","protected":false},"excerpt":{"rendered":"<p>Los sindicatos y los ciudadanos franceses volvieron a salir este martes a la calle para protestar contra el proyecto para reformar las pensiones, promovido por el Gobierno de Macron. Aunque las manifestaciones y los paros fueron m\u00e1s intensos que en d\u00edas anteriores, no logr\u00f3 alcanzar el nivel de la primera [&hellip;]<\/p>\n","protected":false},"author":2,"featured_media":123819,"comment_status":"open","ping_status":"closed","sticky":false,"template":"","format":"standard","meta":{"footnotes":""},"categories":[6],"tags":[],"class_list":["post-123818","post","type-post","status-publish","format-standard","has-post-thumbnail","hentry","category-spanish"],"_links":{"self":[{"href":"https:\/\/theworldwidejournal.com\/index.php?rest_route=\/wp\/v2\/posts\/123818","targetHints":{"allow":["GET"]}}],"collection":[{"href":"https:\/\/theworldwidejournal.com\/index.php?rest_route=\/wp\/v2\/posts"}],"about":[{"href":"https:\/\/theworldwidejournal.com\/index.php?rest_route=\/wp\/v2\/types\/post"}],"author":[{"embeddable":true,"href":"https:\/\/theworldwidejournal.com\/index.php?rest_route=\/wp\/v2\/users\/2"}],"replies":[{"embeddable":true,"href":"https:\/\/theworldwidejournal.com\/index.php?rest_route=%2Fwp%2Fv2%2Fcomments&post=123818"}],"version-history":[{"count":0,"href":"https:\/\/theworldwidejournal.com\/index.php?rest_route=\/wp\/v2\/posts\/123818\/revisions"}],"wp:featuredmedia":[{"embeddable":true,"href":"https:\/\/theworldwidejournal.com\/index.php?rest_route=\/wp\/v2\/media\/123819"}],"wp:attachment":[{"href":"https:\/\/theworldwidejournal.com\/index.php?rest_route=%2Fwp%2Fv2%2Fmedia&parent=123818"}],"wp:term":[{"taxonomy":"category","embeddable":true,"href":"https:\/\/theworldwidejournal.com\/index.php?rest_route=%2Fwp%2Fv2%2Fcategories&post=123818"},{"taxonomy":"post_tag","embeddable":true,"href":"https:\/\/theworldwidejournal.com\/index.php?rest_route=%2Fwp%2Fv2%2Ftags&post=123818"}],"curies":[{"name":"wp","href":"https:\/\/api.w.org\/{rel}","templated":true}]}}