{"id":123891,"date":"2019-12-18T12:55:25","date_gmt":"2019-12-18T11:55:25","guid":{"rendered":"https:\/\/theworldwidejournal.com\/2019\/12\/18\/el-adios-de-los-padres-de-celia-nos-llenaste-de-luz-siempre-que-sonriamos-estaras-en-nuestro-corazon\/"},"modified":"2019-12-18T12:55:25","modified_gmt":"2019-12-18T11:55:25","slug":"el-adios-de-los-padres-de-celia-nos-llenaste-de-luz-siempre-que-sonriamos-estaras-en-nuestro-corazon","status":"publish","type":"post","link":"https:\/\/theworldwidejournal.com\/?p=123891","title":{"rendered":"El adi\u00f3s de los padres de Celia: \u00abNos llenaste de luz, siempre que sonriamos estar\u00e1s en nuestro coraz\u00f3n\u00bb"},"content":{"rendered":"<p>\u00abMi ni\u00f1a, nos llenaste de luz, amor y felicidad. Siempre que sonriamos estar\u00e1s en nuestro coraz\u00f3n\u00bb. Ese es el emotivo mensaje que los padres de la infortunada menor, Celia Cavia ,le dedican hoy a su hija en una esquela publicada en el Diario Monta\u00f1\u00e9s. El funeral por la menor santanderina, de 14 a\u00f1os, hallada muerta ayer en la costa de Santo\u00f1a, se celebrar\u00e1 esta tarde en la iglesia de Santa Luc\u00eda. Su familia, entre ellos su hermano y dem\u00e1s allegados la despedir\u00e1n a las 17.30 horas. Al acto est\u00e1n convocados amigos y compa\u00f1eros de clase de la adolescente y el sepelio ser\u00e1 en la m\u00e1s estricta intimidad. El cuerpo de Celia fue hallado ayer por un pesquero a un kil\u00f3metro de la costa de Santo\u00f1a, donde los investigadores barajaban que hubiera ca\u00eddo al mar, informa Ep. Fue vista con vida por \u00faltima vez sobre las 14.15 horas del jueves pasado en las inmediaciones de su instituto, el IES Jos\u00e9 Mar\u00eda Pereda de Santander. Se fue de clase alegando que se encontraba mal. Tras su desaparici\u00f3n, el Cuerpo Nacional de Polic\u00eda estableci\u00f3 un dispositivo de b\u00fasqueda en la zona de Matale\u00f1as de la capital c\u00e1ntabra, coordinado con la Polic\u00eda Local de Santander.<br \/>\nVia: <a href=\"https:\/\/www.abc.es\/espana\/abci-adios-padres-celia-llenaste-siempre-sonriamos-estaras-nuestro-corazon-201912181255_noticia.html\" target=\"_blank\">El adi\u00f3s de los padres de Celia: \u00abNos llenaste de luz, siempre que sonriamos estar\u00e1s en nuestro coraz\u00f3n\u00bb<\/a><\/p>\n","protected":false},"excerpt":{"rendered":"<p>\u00abMi ni\u00f1a, nos llenaste de luz, amor y felicidad. Siempre que sonriamos estar\u00e1s en nuestro coraz\u00f3n\u00bb. Ese es el emotivo mensaje que los padres de la infortunada menor, Celia Cavia ,le dedican hoy a su hija en una esquela publicada en el Diario Monta\u00f1\u00e9s. El funeral por la menor santanderina, [&hellip;]<\/p>\n","protected":false},"author":2,"featured_media":123892,"comment_status":"open","ping_status":"closed","sticky":false,"template":"","format":"standard","meta":{"footnotes":""},"categories":[6],"tags":[],"class_list":["post-123891","post","type-post","status-publish","format-standard","has-post-thumbnail","hentry","category-spanish"],"_links":{"self":[{"href":"https:\/\/theworldwidejournal.com\/index.php?rest_route=\/wp\/v2\/posts\/123891","targetHints":{"allow":["GET"]}}],"collection":[{"href":"https:\/\/theworldwidejournal.com\/index.php?rest_route=\/wp\/v2\/posts"}],"about":[{"href":"https:\/\/theworldwidejournal.com\/index.php?rest_route=\/wp\/v2\/types\/post"}],"author":[{"embeddable":true,"href":"https:\/\/theworldwidejournal.com\/index.php?rest_route=\/wp\/v2\/users\/2"}],"replies":[{"embeddable":true,"href":"https:\/\/theworldwidejournal.com\/index.php?rest_route=%2Fwp%2Fv2%2Fcomments&post=123891"}],"version-history":[{"count":0,"href":"https:\/\/theworldwidejournal.com\/index.php?rest_route=\/wp\/v2\/posts\/123891\/revisions"}],"wp:featuredmedia":[{"embeddable":true,"href":"https:\/\/theworldwidejournal.com\/index.php?rest_route=\/wp\/v2\/media\/123892"}],"wp:attachment":[{"href":"https:\/\/theworldwidejournal.com\/index.php?rest_route=%2Fwp%2Fv2%2Fmedia&parent=123891"}],"wp:term":[{"taxonomy":"category","embeddable":true,"href":"https:\/\/theworldwidejournal.com\/index.php?rest_route=%2Fwp%2Fv2%2Fcategories&post=123891"},{"taxonomy":"post_tag","embeddable":true,"href":"https:\/\/theworldwidejournal.com\/index.php?rest_route=%2Fwp%2Fv2%2Ftags&post=123891"}],"curies":[{"name":"wp","href":"https:\/\/api.w.org\/{rel}","templated":true}]}}