{"id":138560,"date":"2020-04-01T22:44:40","date_gmt":"2020-04-01T20:44:40","guid":{"rendered":"https:\/\/theworldwidejournal.com\/2020\/04\/01\/coronavirus-emmanuel-macron-envisage-de-reporter-les-municipales-au-mois-doctobre\/"},"modified":"2020-04-01T22:44:40","modified_gmt":"2020-04-01T20:44:40","slug":"coronavirus-emmanuel-macron-envisage-de-reporter-les-municipales-au-mois-doctobre","status":"publish","type":"post","link":"https:\/\/theworldwidejournal.com\/?p=138560","title":{"rendered":"Coronavirus : Emmanuel Macron envisage de reporter les municipales au mois d&#039;octobre"},"content":{"rendered":"<p>INFO LE FIGARO &#8211; Le pr\u00e9sident a \u00e9voqu\u00e9 cette hypoth\u00e8se lors du Conseil des ministres ce mercredi. Il doit en discuter avec Richard Ferrand et G\u00e9rard Larcher autour d&#8217;un d\u00e9jeuner \u00e0 l&#8217;\u00c9lys\u00e9e jeudi, pendant que le premier ministre sera en visioconf\u00e9rence avec les leaders de l&#8217;opposition.<br \/>\nVia: <a href=\"https:\/\/www.lefigaro.fr\/elections\/municipales\/coronavirus-emmanuel-macron-envisage-de-reporter-les-municipales-au-mois-d-octobre-20200401\" target=\"_blank\">Coronavirus : Emmanuel Macron envisage de reporter les municipales au mois d&#039;octobre<\/a><\/p>\n","protected":false},"excerpt":{"rendered":"<p>INFO LE FIGARO &#8211; Le pr\u00e9sident a \u00e9voqu\u00e9 cette hypoth\u00e8se lors du Conseil des ministres ce mercredi. Il doit en discuter avec Richard Ferrand et G\u00e9rard Larcher autour d&#8217;un d\u00e9jeuner \u00e0 l&#8217;\u00c9lys\u00e9e jeudi, pendant que le premier ministre sera en visioconf\u00e9rence avec les leaders de l&#8217;opposition. Via: Coronavirus : Emmanuel [&hellip;]<\/p>\n","protected":false},"author":2,"featured_media":0,"comment_status":"open","ping_status":"closed","sticky":false,"template":"","format":"standard","meta":{"footnotes":""},"categories":[4],"tags":[],"class_list":["post-138560","post","type-post","status-publish","format-standard","hentry","category-french"],"_links":{"self":[{"href":"https:\/\/theworldwidejournal.com\/index.php?rest_route=\/wp\/v2\/posts\/138560","targetHints":{"allow":["GET"]}}],"collection":[{"href":"https:\/\/theworldwidejournal.com\/index.php?rest_route=\/wp\/v2\/posts"}],"about":[{"href":"https:\/\/theworldwidejournal.com\/index.php?rest_route=\/wp\/v2\/types\/post"}],"author":[{"embeddable":true,"href":"https:\/\/theworldwidejournal.com\/index.php?rest_route=\/wp\/v2\/users\/2"}],"replies":[{"embeddable":true,"href":"https:\/\/theworldwidejournal.com\/index.php?rest_route=%2Fwp%2Fv2%2Fcomments&post=138560"}],"version-history":[{"count":0,"href":"https:\/\/theworldwidejournal.com\/index.php?rest_route=\/wp\/v2\/posts\/138560\/revisions"}],"wp:attachment":[{"href":"https:\/\/theworldwidejournal.com\/index.php?rest_route=%2Fwp%2Fv2%2Fmedia&parent=138560"}],"wp:term":[{"taxonomy":"category","embeddable":true,"href":"https:\/\/theworldwidejournal.com\/index.php?rest_route=%2Fwp%2Fv2%2Fcategories&post=138560"},{"taxonomy":"post_tag","embeddable":true,"href":"https:\/\/theworldwidejournal.com\/index.php?rest_route=%2Fwp%2Fv2%2Ftags&post=138560"}],"curies":[{"name":"wp","href":"https:\/\/api.w.org\/{rel}","templated":true}]}}