{"id":138597,"date":"2020-04-02T02:15:47","date_gmt":"2020-04-02T00:15:47","guid":{"rendered":"https:\/\/theworldwidejournal.com\/2020\/04\/02\/trece-paises-critican-las-medidas-excepcionales-de-orban-adoptadas-por-el-coronavirus\/"},"modified":"2020-04-02T02:15:47","modified_gmt":"2020-04-02T00:15:47","slug":"trece-paises-critican-las-medidas-excepcionales-de-orban-adoptadas-por-el-coronavirus","status":"publish","type":"post","link":"https:\/\/theworldwidejournal.com\/?p=138597","title":{"rendered":"Trece pa\u00edses critican las medidas excepcionales de Orban adoptadas por el coronavirus"},"content":{"rendered":"<p>Los gobiernos de Alemania, B\u00e9lgica, Dinamarca, Finlandia, Francia, Grecia, Irlanda, Italia, Luxemburgo, Holanda, Espa\u00f1a, Portugal y Suecia publicaron ayer un comunicado en el que afirman estar \u00abprofundamente preocupados\u00bb por el car\u00e1cter de algunas medidas extraordinarias tomadas por Hungr\u00eda para combatir la epidemia. Aunque afirman que es \u00ableg\u00edtimo\u00bb hacer frente con medidas extraordinarias a esta \u00absituaci\u00f3n sin precedentes\u00bb ni mencionan directamente al primer ministro h\u00fangaro Viktor Orban, se entiende que se refieren a lo que se acaba de aprobar en el parlamento de Budapest y hablan \u00abdel riesgo de violaci\u00f3n de los principios del Estado de Derecho, la democracia y los derechos fundamentales\u00bb. La situaci\u00f3n planteada por Orban es tan tensa que el presidente del Partido Popular Europeo, el ex presidente del Consejo, Donald Tusk, se ha dirigido a los dirigentes de todos los partidos nacionales para estudiar la posibilidad de expulsarlo. En su carta, Tusk les dice que \u00abmuchos de vosotros, aunque criticasteis al primer ministro Orb\u00e1n por sus decisiones, no estuvisteis de acuerdo en expulsar a Fidesz de nuestra familia pol\u00edtica. Pronto llegar\u00e1 el momento de que teng\u00e1is que reconsiderar vuestra posici\u00f3n\u00bb. Orban, por su parte, se ha dirigido a la actual l\u00edder de la CDU alemana, Annegret Kramp-Karrenbauer, para que le defienda de las cr\u00edticas de Tusk.<br \/>\nVia: <a href=\"https:\/\/www.abc.es\/internacional\/abci-trece-paises-critican-medidas-excepcionales-orban-adoptadas-coronavirus-202004020215_noticia.html\" target=\"_blank\">Trece pa\u00edses critican las medidas excepcionales de Orban adoptadas por el coronavirus<\/a><\/p>\n","protected":false},"excerpt":{"rendered":"<p>Los gobiernos de Alemania, B\u00e9lgica, Dinamarca, Finlandia, Francia, Grecia, Irlanda, Italia, Luxemburgo, Holanda, Espa\u00f1a, Portugal y Suecia publicaron ayer un comunicado en el que afirman estar \u00abprofundamente preocupados\u00bb por el car\u00e1cter de algunas medidas extraordinarias tomadas por Hungr\u00eda para combatir la epidemia. Aunque afirman que es \u00ableg\u00edtimo\u00bb hacer frente con [&hellip;]<\/p>\n","protected":false},"author":2,"featured_media":138598,"comment_status":"open","ping_status":"closed","sticky":false,"template":"","format":"standard","meta":{"footnotes":""},"categories":[6],"tags":[],"class_list":["post-138597","post","type-post","status-publish","format-standard","has-post-thumbnail","hentry","category-spanish"],"_links":{"self":[{"href":"https:\/\/theworldwidejournal.com\/index.php?rest_route=\/wp\/v2\/posts\/138597","targetHints":{"allow":["GET"]}}],"collection":[{"href":"https:\/\/theworldwidejournal.com\/index.php?rest_route=\/wp\/v2\/posts"}],"about":[{"href":"https:\/\/theworldwidejournal.com\/index.php?rest_route=\/wp\/v2\/types\/post"}],"author":[{"embeddable":true,"href":"https:\/\/theworldwidejournal.com\/index.php?rest_route=\/wp\/v2\/users\/2"}],"replies":[{"embeddable":true,"href":"https:\/\/theworldwidejournal.com\/index.php?rest_route=%2Fwp%2Fv2%2Fcomments&post=138597"}],"version-history":[{"count":0,"href":"https:\/\/theworldwidejournal.com\/index.php?rest_route=\/wp\/v2\/posts\/138597\/revisions"}],"wp:featuredmedia":[{"embeddable":true,"href":"https:\/\/theworldwidejournal.com\/index.php?rest_route=\/wp\/v2\/media\/138598"}],"wp:attachment":[{"href":"https:\/\/theworldwidejournal.com\/index.php?rest_route=%2Fwp%2Fv2%2Fmedia&parent=138597"}],"wp:term":[{"taxonomy":"category","embeddable":true,"href":"https:\/\/theworldwidejournal.com\/index.php?rest_route=%2Fwp%2Fv2%2Fcategories&post=138597"},{"taxonomy":"post_tag","embeddable":true,"href":"https:\/\/theworldwidejournal.com\/index.php?rest_route=%2Fwp%2Fv2%2Ftags&post=138597"}],"curies":[{"name":"wp","href":"https:\/\/api.w.org\/{rel}","templated":true}]}}