{"id":138602,"date":"2020-04-02T02:06:42","date_gmt":"2020-04-02T00:06:42","guid":{"rendered":"https:\/\/theworldwidejournal.com\/2020\/04\/02\/las-autonomias-se-rebelan-contra-la-confiscacion-de-unos-fondos-clave-para-mantener-el-empleo-en-los-territorios\/"},"modified":"2020-04-02T02:06:42","modified_gmt":"2020-04-02T00:06:42","slug":"las-autonomias-se-rebelan-contra-la-confiscacion-de-unos-fondos-clave-para-mantener-el-empleo-en-los-territorios","status":"publish","type":"post","link":"https:\/\/theworldwidejournal.com\/?p=138602","title":{"rendered":"Las autonom\u00edas se rebelan contra la confiscaci\u00f3n de unos fondos clave para mantener el empleo en los territorios"},"content":{"rendered":"<p>Pol\u00edtica de hechos consumados. El Gobierno sigue actuando por libre para luchar contra el coronavirus, tambi\u00e9n en el terreno econ\u00f3mico. Primero interviene el mercado de trabajo y proh\u00edbe despedir, sin avisar a los empleadores, paraliza Espa\u00f1a ignorando a las industrias y ahora requisa los fondos que pagan empresarios y trabajadores y que se destinan a las comunidades aut\u00f3nomas para formar a los parados y encuentren de esta forma m\u00e1s f\u00e1cil un puesto de trabajo. 2.400 millones que ahora se centralizan y que servir\u00e1n para pagar la abultada factura del desempleo tras la avalancha de ERTE y despidos, que ya enfilan la cifra de parados hacia los cinco millones. Esta factura se deber\u00e1 abonar el 10 de abril. Las organizaciones empresariales estaban ayer desconcertadas; las comunidades aut\u00f3nomas, tambi\u00e9n, por una decisi\u00f3n que supone un jarro de agua fr\u00eda y detraer fondos a las regiones para cuando se venza la pandemia y sea momento de revitalizar el empleo. Estos fondos son claves para las regiones, pero especialmente para algunas como la andaluza, con los mayores \u00edndices de paro. Se queda sin 430 millones. La decisi\u00f3n de requisar los fondos de formaci\u00f3n fue conocido por empresarios en el BOE que ayer public\u00f3 el nuevo decreto del Gobierno, y comunicada por la titular de Trabajo, Yolanda D\u00edaz, a las regiones en la Conferencia Sectorial, en la que se acord\u00f3 repartir 1.048 millones para pol\u00edticas activas de empleo. Madrid, Catalu\u00f1a, Galicia, Castilla y Le\u00f3n y Murcia fueron algunas de las autonom\u00edas que rechazaron de plano la confiscaci\u00f3n . El malestar entre los gobiernos regionales se canaliz\u00f3 en una carta enviada a D\u00edaz. En el caso de Madrid su consejero de Empleo, Manuel Gim\u00e9nez, remiti\u00f3 una misiva a la titular de Podemos en la que rechaza una medida, que detrae 139,5 millones a Madrid, montante utilizado cada a\u00f1o para mejorar la cualificaci\u00f3n profesional de 95.000 madrile\u00f1os. Dice Madrid en su carta que el Gobierno \u00abreduce los derechos de los trabajadores y elimina la posibilidad de mejorar su cualificaci\u00f3n, impidiendo que se mantenga el empleo\u00bb. La comunidad entiende y apoya la necesidad de asegurar el pago de las prestaciones por desempleo en esta situaci\u00f3n, \u00abpero no a costa de descapitalizar gravemente la fuerza laboral, restando cualificaci\u00f3n y, por tanto, competitividad, a los trabajadores madrile\u00f1os y de todo el pa\u00eds\u00bb. Denuncia que esta decisi\u00f3n supone una merma de derechos de los trabajadores madrile\u00f1os, que ya han pagado por estas pol\u00edticas activas a trav\u00e9s de la cuota de formaci\u00f3n que abonan con su n\u00f3mina mensual y que no van a poder disponer de ellas \u00aben un momento tan delicado como el actual, en el que es m\u00e1s necesario que nunca mejorar su cualificaci\u00f3n para tener posibilidad de acceder a un empleo\u00bb. La Generalitat de Catalu\u00f1a cifra en 215 millones la cantidad que dejar\u00e1 de percibir en concepto de fondos destinados a pol\u00edticas de empleo. Para el Ejecutivo catal\u00e1n, el Gobierno ha actuado con \u00abdeslealtad institucional\u00bb. El bloque de esta cantidad provocar\u00e1 que Catalu\u00f1a dedique 173 millones a fomentar la ocupaci\u00f3n, un 55% menos que el pasado a\u00f1o. \u00abPara mitigar los efectos del Covid-19 no vale la deslealtad institucional ni debilitar los servicios p\u00fablicos de Catalu\u00f1a y de las comunidades aut\u00f3nomas que deber\u00e1n gestionar la poscrisis sanitaria\u00bb, asegur\u00f3 el consejero de Trabajo, Chakir el Homrani, informa \u00c0lex Gubern. D\u00e9ficit disparado Ello se debe al escaso margen fiscal disponible, tras desaprovechar 2019 para mejorarlo. El Ejecutivo incumpli\u00f3 el objetivo de d\u00e9ficit y este aument\u00f3 el a\u00f1o pasado en 2.700 millones, al subir del 2,5% del PIB de 2018 al 2,6%, seg\u00fan Hacienda. Ello supone 8.000 millones m\u00e1s que el 2% al que se comprometi\u00f3 el Gobierno ante la Comisi\u00f3n Europea y el primer alza desde la crisis. El Gobierno elev\u00f3 el gasto con medidas como los viernes sociales antes de las elecciones de abril o la revalorizaci\u00f3n de pensiones y sueldos p\u00fablicos. De hecho, la Administraci\u00f3n central cerr\u00f3 con un d\u00e9ficit de 13.896 millones de euros (un 1,1% del PIB), 4.000 millones m\u00e1s de lo que apalabr\u00f3 con Bruselas (un 0,8% del PIB). Llama la atenci\u00f3n que el mismo Estado incumpla sus previsiones. La propia ministra de Hacienda, Mar\u00eda Jes\u00fas Montero, afe\u00f3 a su predecesor, Crist\u00f3bal Montoro, cuando era consejera del ramo en Andaluc\u00eda, que el objetivo de d\u00e9ficit del Estado fuera de 0,4% del PIB en lugar del 0,7% en 2018. Dos a\u00f1os despu\u00e9s, el desequilibrio del Estado sigue muy por encima de estos niveles. Ante la recesi\u00f3n y las medidas adoptadas, este a\u00f1o el d\u00e9ficit se disparar\u00e1 a niveles mayores. Funcas prev\u00e9 que se ir\u00e1 al 5,5% del PIB; Fedea, BBVA Research y la Fundaci\u00f3n Rafael del Pino auguran que superar\u00e1 el 6% mientras que Fremarket cree que \u00aben el mejor de los casos\u00bb ser\u00e1 del 10,5%.<br \/>\nVia: <a href=\"https:\/\/www.abc.es\/economia\/abci-autonomias-rebelan-contra-confiscacion-unos-fondos-clave-para-mantener-empleo-territorios-202004020206_noticia.html\" target=\"_blank\">Las autonom\u00edas se rebelan contra la confiscaci\u00f3n de unos fondos clave para mantener el empleo en los territorios<\/a><\/p>\n","protected":false},"excerpt":{"rendered":"<p>Pol\u00edtica de hechos consumados. El Gobierno sigue actuando por libre para luchar contra el coronavirus, tambi\u00e9n en el terreno econ\u00f3mico. Primero interviene el mercado de trabajo y proh\u00edbe despedir, sin avisar a los empleadores, paraliza Espa\u00f1a ignorando a las industrias y ahora requisa los fondos que pagan empresarios y trabajadores [&hellip;]<\/p>\n","protected":false},"author":2,"featured_media":138603,"comment_status":"open","ping_status":"closed","sticky":false,"template":"","format":"standard","meta":{"footnotes":""},"categories":[6],"tags":[],"class_list":["post-138602","post","type-post","status-publish","format-standard","has-post-thumbnail","hentry","category-spanish"],"_links":{"self":[{"href":"https:\/\/theworldwidejournal.com\/index.php?rest_route=\/wp\/v2\/posts\/138602","targetHints":{"allow":["GET"]}}],"collection":[{"href":"https:\/\/theworldwidejournal.com\/index.php?rest_route=\/wp\/v2\/posts"}],"about":[{"href":"https:\/\/theworldwidejournal.com\/index.php?rest_route=\/wp\/v2\/types\/post"}],"author":[{"embeddable":true,"href":"https:\/\/theworldwidejournal.com\/index.php?rest_route=\/wp\/v2\/users\/2"}],"replies":[{"embeddable":true,"href":"https:\/\/theworldwidejournal.com\/index.php?rest_route=%2Fwp%2Fv2%2Fcomments&post=138602"}],"version-history":[{"count":0,"href":"https:\/\/theworldwidejournal.com\/index.php?rest_route=\/wp\/v2\/posts\/138602\/revisions"}],"wp:featuredmedia":[{"embeddable":true,"href":"https:\/\/theworldwidejournal.com\/index.php?rest_route=\/wp\/v2\/media\/138603"}],"wp:attachment":[{"href":"https:\/\/theworldwidejournal.com\/index.php?rest_route=%2Fwp%2Fv2%2Fmedia&parent=138602"}],"wp:term":[{"taxonomy":"category","embeddable":true,"href":"https:\/\/theworldwidejournal.com\/index.php?rest_route=%2Fwp%2Fv2%2Fcategories&post=138602"},{"taxonomy":"post_tag","embeddable":true,"href":"https:\/\/theworldwidejournal.com\/index.php?rest_route=%2Fwp%2Fv2%2Ftags&post=138602"}],"curies":[{"name":"wp","href":"https:\/\/api.w.org\/{rel}","templated":true}]}}