{"id":138620,"date":"2020-04-02T11:33:23","date_gmt":"2020-04-02T09:33:23","guid":{"rendered":"https:\/\/theworldwidejournal.com\/2020\/04\/02\/emmanuel-macron-annonce-un-amenagement-du-confinement-pour-les-autistes\/"},"modified":"2020-04-02T11:33:23","modified_gmt":"2020-04-02T09:33:23","slug":"emmanuel-macron-annonce-un-amenagement-du-confinement-pour-les-autistes","status":"publish","type":"post","link":"https:\/\/theworldwidejournal.com\/?p=138620","title":{"rendered":"Emmanuel Macron annonce un\u00a0am\u00e9nagement du\u00a0confinement pour les autistes"},"content":{"rendered":"<p>A l\u2019occasion de la Journ\u00e9e mondiale de sensibilisation \u00e0 l\u2019autisme, le chef de l\u2019Etat a adress\u00e9 un message vid\u00e9o aux autistes et \u00e0 leurs accompagnants, qui connaissent une p\u00e9riode \u00ab\u00a0difficile\u00a0\u00bb avec la crise du coronavirus.<br \/>\nVia: <a href=\"https:\/\/www.lemonde.fr\/societe\/article\/2020\/04\/02\/emmanuel-macron-annonce-un-amenagement-du-confinement-pour-les-autistes_6035293_3224.html\" target=\"_blank\">Emmanuel Macron annonce un\u00a0am\u00e9nagement du\u00a0confinement pour les autistes<\/a><\/p>\n","protected":false},"excerpt":{"rendered":"<p>A l\u2019occasion de la Journ\u00e9e mondiale de sensibilisation \u00e0 l\u2019autisme, le chef de l\u2019Etat a adress\u00e9 un message vid\u00e9o aux autistes et \u00e0 leurs accompagnants, qui connaissent une p\u00e9riode \u00ab\u00a0difficile\u00a0\u00bb avec la crise du coronavirus. Via: Emmanuel Macron annonce un\u00a0am\u00e9nagement du\u00a0confinement pour les autistes<\/p>\n","protected":false},"author":2,"featured_media":0,"comment_status":"open","ping_status":"closed","sticky":false,"template":"","format":"standard","meta":{"footnotes":""},"categories":[4],"tags":[],"class_list":["post-138620","post","type-post","status-publish","format-standard","hentry","category-french"],"_links":{"self":[{"href":"https:\/\/theworldwidejournal.com\/index.php?rest_route=\/wp\/v2\/posts\/138620","targetHints":{"allow":["GET"]}}],"collection":[{"href":"https:\/\/theworldwidejournal.com\/index.php?rest_route=\/wp\/v2\/posts"}],"about":[{"href":"https:\/\/theworldwidejournal.com\/index.php?rest_route=\/wp\/v2\/types\/post"}],"author":[{"embeddable":true,"href":"https:\/\/theworldwidejournal.com\/index.php?rest_route=\/wp\/v2\/users\/2"}],"replies":[{"embeddable":true,"href":"https:\/\/theworldwidejournal.com\/index.php?rest_route=%2Fwp%2Fv2%2Fcomments&post=138620"}],"version-history":[{"count":0,"href":"https:\/\/theworldwidejournal.com\/index.php?rest_route=\/wp\/v2\/posts\/138620\/revisions"}],"wp:attachment":[{"href":"https:\/\/theworldwidejournal.com\/index.php?rest_route=%2Fwp%2Fv2%2Fmedia&parent=138620"}],"wp:term":[{"taxonomy":"category","embeddable":true,"href":"https:\/\/theworldwidejournal.com\/index.php?rest_route=%2Fwp%2Fv2%2Fcategories&post=138620"},{"taxonomy":"post_tag","embeddable":true,"href":"https:\/\/theworldwidejournal.com\/index.php?rest_route=%2Fwp%2Fv2%2Ftags&post=138620"}],"curies":[{"name":"wp","href":"https:\/\/api.w.org\/{rel}","templated":true}]}}