{"id":142266,"date":"2020-04-30T02:42:10","date_gmt":"2020-04-30T00:42:10","guid":{"rendered":"https:\/\/theworldwidejournal.com\/2020\/04\/30\/carta-de-la-madre-de-una-nina-con-sindrome-de-down-el-confinamiento-esta-afectando-seriamente-al-desarrollo-cognitivo-y-emocional-de-mi-hija\/"},"modified":"2020-04-30T02:42:10","modified_gmt":"2020-04-30T00:42:10","slug":"carta-de-la-madre-de-una-nina-con-sindrome-de-down-el-confinamiento-esta-afectando-seriamente-al-desarrollo-cognitivo-y-emocional-de-mi-hija","status":"publish","type":"post","link":"https:\/\/theworldwidejournal.com\/?p=142266","title":{"rendered":"Carta de la madre de una ni\u00f1a con S\u00edndrome de Down: \u00abEl confinamiento est\u00e1 afectando seriamente al desarrollo cognitivo y emocional de mi hija\u00bb"},"content":{"rendered":"<p>Por la presente carta me dirijo al presidente Alberto N\u00fa\u00f1ez Feij\u00f3o y tambi\u00e9n a los presidentes de las distintas comunidades aut\u00f3nomas de Espa\u00f1a, sean del partido que sean. Soy madre de una ni\u00f1a con S\u00edndrome de Down y desde la desesperaci\u00f3n provocada por esta situaci\u00f3n les pido que act\u00faen ya. El confinamiento est\u00e1 afectando seriamente al desarrollo cognitivo y emocional de mi hija como, el de los demas ni\u00f1os y ni\u00f1as, con o sin discapacidad. Hay comunidades como Galicia en la que el n\u00famero de infectados es claramente muy menor y, en las que, si se unen fuerzas, se podr\u00edan reanudar ya las actividades. \u00bfC\u00f3mo? Pues implementando m\u00e1s limpieza en instituciones, transportes y dem\u00e1s sitios de afluencia (lo cual adem\u00e1s crear\u00eda puestos de trabajo, que ser\u00e1n muy necesarios) y aportando material de protecci\u00f3n para la poblaci\u00f3n (por ejemplo mascarillas e hidrogeles). \u00bfNo se dan cuenta que estamos arruinando el pa\u00eds? Pido que unan fuerzas contra el Gobierno Central, pues claramente a estos se\u00f1ores les importan muy poco los espa\u00f1oles y Espa\u00f1a en general. No permita usted, se\u00f1or Feij\u00f3o, que la comunidad de Galicia se hunda m\u00e1s. Aqu\u00ed vivimos del turismo, se\u00f1or Presidente, que ya se ver\u00e1 bastante afectado como para no reactivar las dem\u00e1s fuentes de ingreso. Y yo como madre le ruego que se tomen estas medidas ya. Mi hija est\u00e1 sufriendo un retraso important\u00edsimo en su desarrollo al no poder acceder a sus terapias. \u00a1Por eso ruego que se tomen las medidas oportunas para volver a la normalidad de una vez!. Este llamamiento lo extiendo a todos los presidentes auton\u00f3micos: si quer\u00e9is a Espa\u00f1a, actuar para y por el pueblo y el futuro del pa\u00eds. * Paola Gulias Lorenzo vive con su hija en Vigo. Si t\u00fa tambi\u00e9n quieres compartir tu testimonio sobre c\u00f3mo est\u00e1s viviendo la situaci\u00f3n provocada por el coronavirus puedes hacerlo escribiendo a testimonioscoronavirus@abc.es Debes indicarnos tu nombre completo, DNI y lugar de residencia. Seleccionaremos las historias m\u00e1s representativas para publicarlas en ABC.es<br \/>\nVia: <a href=\"https:\/\/www.abc.es\/opinion\/abci-paola-gulias-lorenzo-carta-madre-nina-sindrome-down-confinamiento-esta-afectando-seriamente-desarrollo-cognitivo-y-emocional-hija-202004300242_noticia.html\" target=\"_blank\">Carta de la madre de una ni\u00f1a con S\u00edndrome de Down: \u00abEl confinamiento est\u00e1 afectando seriamente al desarrollo cognitivo y emocional de mi hija\u00bb<\/a><\/p>\n","protected":false},"excerpt":{"rendered":"<p>Por la presente carta me dirijo al presidente Alberto N\u00fa\u00f1ez Feij\u00f3o y tambi\u00e9n a los presidentes de las distintas comunidades aut\u00f3nomas de Espa\u00f1a, sean del partido que sean. Soy madre de una ni\u00f1a con S\u00edndrome de Down y desde la desesperaci\u00f3n provocada por esta situaci\u00f3n les pido que act\u00faen ya. [&hellip;]<\/p>\n","protected":false},"author":2,"featured_media":142267,"comment_status":"open","ping_status":"closed","sticky":false,"template":"","format":"standard","meta":{"footnotes":""},"categories":[6],"tags":[],"class_list":["post-142266","post","type-post","status-publish","format-standard","has-post-thumbnail","hentry","category-spanish"],"_links":{"self":[{"href":"https:\/\/theworldwidejournal.com\/index.php?rest_route=\/wp\/v2\/posts\/142266","targetHints":{"allow":["GET"]}}],"collection":[{"href":"https:\/\/theworldwidejournal.com\/index.php?rest_route=\/wp\/v2\/posts"}],"about":[{"href":"https:\/\/theworldwidejournal.com\/index.php?rest_route=\/wp\/v2\/types\/post"}],"author":[{"embeddable":true,"href":"https:\/\/theworldwidejournal.com\/index.php?rest_route=\/wp\/v2\/users\/2"}],"replies":[{"embeddable":true,"href":"https:\/\/theworldwidejournal.com\/index.php?rest_route=%2Fwp%2Fv2%2Fcomments&post=142266"}],"version-history":[{"count":0,"href":"https:\/\/theworldwidejournal.com\/index.php?rest_route=\/wp\/v2\/posts\/142266\/revisions"}],"wp:featuredmedia":[{"embeddable":true,"href":"https:\/\/theworldwidejournal.com\/index.php?rest_route=\/wp\/v2\/media\/142267"}],"wp:attachment":[{"href":"https:\/\/theworldwidejournal.com\/index.php?rest_route=%2Fwp%2Fv2%2Fmedia&parent=142266"}],"wp:term":[{"taxonomy":"category","embeddable":true,"href":"https:\/\/theworldwidejournal.com\/index.php?rest_route=%2Fwp%2Fv2%2Fcategories&post=142266"},{"taxonomy":"post_tag","embeddable":true,"href":"https:\/\/theworldwidejournal.com\/index.php?rest_route=%2Fwp%2Fv2%2Ftags&post=142266"}],"curies":[{"name":"wp","href":"https:\/\/api.w.org\/{rel}","templated":true}]}}