{"id":163985,"date":"2020-10-10T01:25:29","date_gmt":"2020-10-09T23:25:29","guid":{"rendered":"https:\/\/theworldwidejournal.com\/2020\/10\/10\/el-juez-del-caso-dina-denuncia-que-el-gobierno-le-pone-en-el-punto-de-mira\/"},"modified":"2020-10-10T01:25:29","modified_gmt":"2020-10-09T23:25:29","slug":"el-juez-del-caso-dina-denuncia-que-el-gobierno-le-pone-en-el-punto-de-mira","status":"publish","type":"post","link":"https:\/\/theworldwidejournal.com\/?p=163985","title":{"rendered":"El juez del caso Dina denuncia que el Gobierno le pone en el punto de mira"},"content":{"rendered":"<p>El titular del Juzgado Central de Instrucci\u00f3n n\u00famero 6 de la Audiencia Nacional, Manuel Garc\u00eda Castell\u00f3n, ha puesto en conocimiento del Consejo General del Poder Judicial que desde que el mi\u00e9rcoles pidi\u00f3 al Tribunal Supremo la imputaci\u00f3n del vicepresidente del Gobierno Pablo Iglesias y otras personas por el llamado caso Dina, est\u00e1 sufriendo una \u00abcampa\u00f1a de desprestigio\u00bb sin precedentes. El escrito, remitido ayer al presidente del CGPJ Carlos Lesmes, explica que \u00abdesde algunos \u00e1mbitos\u00bb y en redes y medios de comunicaci\u00f3n se siembra la idea de que esa resoluci\u00f3n judicial \u00abno es fruto de la convicci\u00f3n jur\u00eddica\u00bb de quien la firma, \u00absino el resultado de una suerte de estrategia pol\u00edtica de mayor alcance que buscar\u00eda debilitar\u00bb a Podemos, en este caso. La gravedad est\u00e1 en que, conforme se\u00f1ala el juez, \u00abestos mensajes son repetidos y amplificados por muchos de los dirigentes, entre ellos algunos miembros del Gobierno de la Naci\u00f3n\u00bb. \u00abDesde la visibilidad propia del papel institucional que representan y la atenci\u00f3n que reciben de los medios, se\u00f1alan de forma directa a este magistrado y sabiendo la repercusi\u00f3n que sus palabras pueden tener, le colocan intencionadamente en una situaci\u00f3n de absoluta indefensi\u00f3n y descr\u00e9dito profesional\u00bb, expone. Garc\u00eda Castell\u00f3n, que ha optado por esta v\u00eda en lugar de solicitar amparo formal, entiende que lo que ahora se traduce en un ataque directo a su persona se interpreta por extensi\u00f3n como un desprestigio de toda la Justicia porque, conforme explica, busca tambi\u00e9n \u00abintimidar y condicionar la decisi\u00f3n\u00bb que otros magistrados puedan adoptar sobre las mismas personas. La exposici\u00f3n razonada, que solicitaba la imputaci\u00f3n de Iglesias por delitos de revelaci\u00f3n de secretos, da\u00f1os inform\u00e1ticos y denuncia falsa o simulaci\u00f3n de delito levant\u00f3 el mi\u00e9rcoles porlvareda. Pablo Iglesias, principal afectado, declar\u00f3 en RAC1 que ve \u00abinconcebible\u00bb acabar imputado en el Supremo y a\u00f1adi\u00f3: \u00abLa derecha de este pa\u00eds est\u00e1 dispuesta a utilizar todo tipo de medios, legales e ilegales, para hacer caer a este Gobierno\u00bb. El portavoz de su grupo parlamentario, Pablo Echenique, fue en la l\u00ednea: \u00abContra Pablo Iglesias vale todo. Lo de siempre: hay que destruir a los que suben el salario m\u00ednimo y quieren poner un impuesto a la riqueza con la artiller\u00eda que haga falta\u00bb, dijo en Twitter. En declaraciones a Cuatro, a\u00f1adi\u00f3: \u00abEstas opiniones republicanas molestan demasiado en determinados \u00e1mbitos\u00bb. El ministro de Transportes, Jos\u00e9 Luis \u00c1balos, tambi\u00e9n fue cr\u00edtico: \u00abTengo claro contra qui\u00e9n se va, pero no qu\u00e9 se pretende proteger\u00bb, apunt\u00f3 en un acto, tras lamentar que habiendo presentado el Gobierno un plan de recuperaci\u00f3n, le preguntasen por \u00abun derrotero con un recorrido muy escaso\u00bb. La primera \u00abconsecuencia evidente\u00bb de este ataque in\u00e9dito para \u00e9l en 42 a\u00f1os de carrera la encuentra Garc\u00eda Castell\u00f3n en una bater\u00eda de comentarios injuriosos, cuando no amenazantes, registrada en las redes sociales alimentando la tesis de que el juez prevarica por oposici\u00f3n ideol\u00f3gica a Podemos. La Polic\u00eda investiga La Comisar\u00eda General de Informaci\u00f3n de la Polic\u00eda Nacional ha abierto ya una investigaci\u00f3n, pues el juez les advirti\u00f3 de que algunos llegaban a proferir amenazas a su \u00abintegridad f\u00edsica\u00bb e \u00abintromisiones ileg\u00edtimas contra el honor y la dignidad personal\u00bb. Para Garc\u00eda Castell\u00f3n, el objetivo es \u00abconstre\u00f1ir de una forma grave e intolerable\u00bb su ejercicio profesional y \u00abun ejemplo vivo de lo que puede suceder a quien tome decisiones no alineadas\u00bb. Conocida su denuncia, las principales asociaciones de jueces consultadas por ABC censuraron estas conductas como un ataque a la independencia judicial. Reclaman respeto. No es la primera vez que Garc\u00eda Castell\u00f3n afronta presiones. En sus manos tiene algunos de los asuntos de m\u00e1s enjundia en la actualidad, como la trama P\u00fanica de corrupci\u00f3n en el PP -tiene imputada a Esperanza Aguirre- o el caso Villarejo, que en su vertiente Operaci\u00f3n Kitchen se traduce en la imputaci\u00f3n del exministro Jorge Fern\u00e1ndez D\u00edaz, el secretario de Estado y varios mandos de la Polic\u00eda de su \u00e9poca. Ha superado peticiones de recusaci\u00f3n y denuncias de investigados ante diversas instancias que quedaron en nada. Sin embargo, dice que no se ha visto en otra en su carrera: son miembros del Gobierno y de un partido que lo sustenta quienes le ponen en la diana. Este viernes, la cofundadora de UPyD Rosa D\u00edez remiti\u00f3 un escrito a las instituciones europeas en el que trasladaba la denuncia al CGPJ de Garc\u00eda Castell\u00f3n. \u00abLa situacio\u0301n es de tal gravedad en te\u0301rminos democra\u0301ticos que es preciso y urgente que Europa y sus autoridades conozcan lo que esta\u0301 ocurriendo en Espan\u0303a\u00bb, reza su carta. \u00abCuando un juez, en el ejercicio de su responsabilidad y de sus funciones, es amenazado por miembros del Gobierno y de los partidos que lo sustentan por instruir casos que les implican en graves actos de corrupcio\u0301n es que algo muy peligroso esta\u0301 ocurriendo en Espan\u0303a\u00bb, a\u00f1ade la misiva.<br \/>\nVia: <a href=\"https:\/\/www.abc.es\/espana\/abci-juez-caso-dina-denuncia-gobierno-pone-punto-mira-202010100125_noticia.html\" target=\"_blank\">El juez del caso Dina denuncia que el Gobierno le pone en el punto de mira<\/a><\/p>\n","protected":false},"excerpt":{"rendered":"<p>El titular del Juzgado Central de Instrucci\u00f3n n\u00famero 6 de la Audiencia Nacional, Manuel Garc\u00eda Castell\u00f3n, ha puesto en conocimiento del Consejo General del Poder Judicial que desde que el mi\u00e9rcoles pidi\u00f3 al Tribunal Supremo la imputaci\u00f3n del vicepresidente del Gobierno Pablo Iglesias y otras personas por el llamado caso [&hellip;]<\/p>\n","protected":false},"author":2,"featured_media":163986,"comment_status":"open","ping_status":"closed","sticky":false,"template":"","format":"standard","meta":{"footnotes":""},"categories":[6],"tags":[],"class_list":["post-163985","post","type-post","status-publish","format-standard","has-post-thumbnail","hentry","category-spanish"],"_links":{"self":[{"href":"https:\/\/theworldwidejournal.com\/index.php?rest_route=\/wp\/v2\/posts\/163985","targetHints":{"allow":["GET"]}}],"collection":[{"href":"https:\/\/theworldwidejournal.com\/index.php?rest_route=\/wp\/v2\/posts"}],"about":[{"href":"https:\/\/theworldwidejournal.com\/index.php?rest_route=\/wp\/v2\/types\/post"}],"author":[{"embeddable":true,"href":"https:\/\/theworldwidejournal.com\/index.php?rest_route=\/wp\/v2\/users\/2"}],"replies":[{"embeddable":true,"href":"https:\/\/theworldwidejournal.com\/index.php?rest_route=%2Fwp%2Fv2%2Fcomments&post=163985"}],"version-history":[{"count":0,"href":"https:\/\/theworldwidejournal.com\/index.php?rest_route=\/wp\/v2\/posts\/163985\/revisions"}],"wp:featuredmedia":[{"embeddable":true,"href":"https:\/\/theworldwidejournal.com\/index.php?rest_route=\/wp\/v2\/media\/163986"}],"wp:attachment":[{"href":"https:\/\/theworldwidejournal.com\/index.php?rest_route=%2Fwp%2Fv2%2Fmedia&parent=163985"}],"wp:term":[{"taxonomy":"category","embeddable":true,"href":"https:\/\/theworldwidejournal.com\/index.php?rest_route=%2Fwp%2Fv2%2Fcategories&post=163985"},{"taxonomy":"post_tag","embeddable":true,"href":"https:\/\/theworldwidejournal.com\/index.php?rest_route=%2Fwp%2Fv2%2Ftags&post=163985"}],"curies":[{"name":"wp","href":"https:\/\/api.w.org\/{rel}","templated":true}]}}