{"id":164051,"date":"2020-10-10T15:05:38","date_gmt":"2020-10-10T13:05:38","guid":{"rendered":"https:\/\/theworldwidejournal.com\/2020\/10\/10\/vandalizan-una-estatua-de-largo-caballero-en-madrid-con-pintadas-de-asesino-y-rojos-no\/"},"modified":"2020-10-10T15:05:38","modified_gmt":"2020-10-10T13:05:38","slug":"vandalizan-una-estatua-de-largo-caballero-en-madrid-con-pintadas-de-asesino-y-rojos-no","status":"publish","type":"post","link":"https:\/\/theworldwidejournal.com\/?p=164051","title":{"rendered":"Vandalizan una estatua de Largo Caballero en Madrid con pintadas de \u00abAsesino\u00bb y \u00abRojos no\u00bb"},"content":{"rendered":"<p>La estatua del que fuera presidente del Gobierno en la Rep\u00fablica, el socialista Francisco Largo Caballero, ubicada en Nuevos Ministerios, ha amanecido vandalizada este s\u00e1bado con las pintadas de \u00abAsesino\u00bb y \u00abRojos no\u00bb. El ataque se produce dos semanas despu\u00e9s de que el Ayuntamiento de Madrid, con los votos a favor de Cs, PP y Vox, decidiera retirar los nombres de la avenida Francisco Largo Caballero y del bulevar Indalecio Prieto, as\u00ed como la placa en la plaza de Chamber\u00ed dedicado al primero, adem\u00e1s de instar a la eliminaci\u00f3n de las estatuas erigidas en Nuevos Ministerios en su memoria. Ha sido la ministra de Trabajo, Yolanda D\u00edaz, quien ha dado a conocer el hecho en su perfil de Twitter. \u00abDerecha y ultraderecha han utilizado mentiras y manipulaciones hist\u00f3ricas para borrar su figura del callejero de Madrid. Ahora, ese desprecio por la memoria cristaliza en vandalismo y violencia inc\u00edvica\u00bb, ha expresado en la red social.&lt;blockquote class=&#8221;twitter-tweet&#8221;&gt;&lt;p lang=&#8221;es&#8221; dir=&#8221;ltr&#8221;&gt;As\u00ed ha amanecido hoy la escultura de Largo Caballero en Nuevos Ministerios. Derecha y ultraderecha han utilizado mentiras y manipulaciones hist\u00f3ricas para borrar su figura del callejero de Madrid. Ahora, ese desprecio por la memoria cristaliza en vandalismo y violencia inc\u00edvica&amp;#55357;&amp;#56391;&amp;#55356;&amp;#57340; &lt;a href=&#8221;https:\/\/t.co\/UEfZMSWeeK&#8221;&gt;pic.twitter.com\/UEfZMSWeeK&lt;\/a&gt;&lt;\/p&gt;&amp;mdash; Yolanda D\u00edaz (@Yolanda_Diaz_) &lt;a href=&#8221;https:\/\/twitter.com\/Yolanda_Diaz_\/status\/1314850096442417152?ref_src=twsrc%5Etfw&#8221;&gt;October 10, 2020&lt;\/a&gt;&lt;\/blockquote&gt; &lt;script async src=&#8221;https:\/\/platform.twitter.com\/widgets.js&#8221; charset=&#8221;utf-8&#8243;&gt;&lt;\/script&gt; La propuesta la present\u00f3 en Cibeles el portavoz de Vox, Javier Ortega Smith, con el objetivo de acabar con cualquier homenaje a \u00abpersonajes siniestros\u00bb como Largo Caballero y el tambi\u00e9n ministro socialista en la Rep\u00fablica Indalecio Prieto. \u00abAmbos son exponentes de totalitarios criminales antidem\u00f3cratas que no merecen un reconocimiento en las calles de Madrid\u00bb, indic\u00f3. El presidente del Pleno, Borja Fanjul (PP), justific\u00f3 el apoyo a la eliminaci\u00f3n de este homenaje en el callejero en el art\u00edculo 15 de la Ley de Memoria Hist\u00f3rica, que permite a las administraciones retirar escudos, placas o menciones conmemorativas &#8220;de la exaltaci\u00f3n de la sublevaci\u00f3n militar, de la Guerra Civil o de la represi\u00f3n de la dictadura&#8221;. Viejos clich\u00e9s Por su parte, un centenar de profesores de Historia Contempor\u00e1nea de universidades espa\u00f1olas y extranjeras, como el catedr\u00e1tico de la London School of Economics Paul Preston, denuncian en un documento de 13 puntos la proposici\u00f3n de Vox, apoyada por PP y Cs, para retirar del callejero a Francisco Largo Caballero e Indalecio Prieto, porque se basa en &#8220;viejos y desacreditados clich\u00e9s pseudohist\u00f3ricos de la propaganda franquista&#8221;. Argumentan que lo hacen mediante un juicio \u00abestrictamente t\u00e9cnico\u00bb sustentado \u00aben investigaciones de solvencia acreditada entre la comunidad cient\u00edfica\u00bb, despu\u00e9s de calificar de \u00abpenosa articulaci\u00f3n formal\u00bb la moci\u00f3n de Vox, unido a la \u00abfalacia de la mayor\u00eda de sus argumentos y a la &#8220;nula documentaci\u00f3n que se adjunta a la iniciativa\u00bb del grupo liderado por Javier Ortega Smith. La Fundaci\u00f3n Largo Caballero, por su parte, ya ha mostrado su apoyo a esta iniciativa firmada por \u00abun n\u00facleo de profesores de historia de distintas universidades espa\u00f1olas y extranjeras que, indignados con la decisi\u00f3n del Pleno de Madrid, han considerado deb\u00edan denunciar las falacias en que se pretend\u00eda fundamentar esa decisi\u00f3n\u00bb. Los profesores e investigadores firmantes est\u00e1n dispuestos a aportar las pruebas documentales en la comisi\u00f3n que suponen que se establecer\u00e1 antes de que se adopte la decisi\u00f3n definitiva, como ocurri\u00f3 en el proceso de resignificaci\u00f3n del callejero madrile\u00f1o abordado por la anterior Corporaci\u00f3n municipal, en referencia al Comisionado de Memoria, con Paca Sauquillo al frente. Y lo hacen para plantar cara a las \u00abmaquinaciones propias de la baja pol\u00edtica\u00bb.<br \/>\nVia: <a href=\"https:\/\/www.abc.es\/espana\/madrid\/abci-vandalizan-estatua-largo-caballero-madrid-pintadas-asesino-y-rojos-no-202010101505_noticia.html\" target=\"_blank\">Vandalizan una estatua de Largo Caballero en Madrid con pintadas de \u00abAsesino\u00bb y \u00abRojos no\u00bb<\/a><\/p>\n","protected":false},"excerpt":{"rendered":"<p>La estatua del que fuera presidente del Gobierno en la Rep\u00fablica, el socialista Francisco Largo Caballero, ubicada en Nuevos Ministerios, ha amanecido vandalizada este s\u00e1bado con las pintadas de \u00abAsesino\u00bb y \u00abRojos no\u00bb. El ataque se produce dos semanas despu\u00e9s de que el Ayuntamiento de Madrid, con los votos a [&hellip;]<\/p>\n","protected":false},"author":2,"featured_media":164052,"comment_status":"open","ping_status":"closed","sticky":false,"template":"","format":"standard","meta":{"footnotes":""},"categories":[6],"tags":[],"class_list":["post-164051","post","type-post","status-publish","format-standard","has-post-thumbnail","hentry","category-spanish"],"_links":{"self":[{"href":"https:\/\/theworldwidejournal.com\/index.php?rest_route=\/wp\/v2\/posts\/164051","targetHints":{"allow":["GET"]}}],"collection":[{"href":"https:\/\/theworldwidejournal.com\/index.php?rest_route=\/wp\/v2\/posts"}],"about":[{"href":"https:\/\/theworldwidejournal.com\/index.php?rest_route=\/wp\/v2\/types\/post"}],"author":[{"embeddable":true,"href":"https:\/\/theworldwidejournal.com\/index.php?rest_route=\/wp\/v2\/users\/2"}],"replies":[{"embeddable":true,"href":"https:\/\/theworldwidejournal.com\/index.php?rest_route=%2Fwp%2Fv2%2Fcomments&post=164051"}],"version-history":[{"count":0,"href":"https:\/\/theworldwidejournal.com\/index.php?rest_route=\/wp\/v2\/posts\/164051\/revisions"}],"wp:featuredmedia":[{"embeddable":true,"href":"https:\/\/theworldwidejournal.com\/index.php?rest_route=\/wp\/v2\/media\/164052"}],"wp:attachment":[{"href":"https:\/\/theworldwidejournal.com\/index.php?rest_route=%2Fwp%2Fv2%2Fmedia&parent=164051"}],"wp:term":[{"taxonomy":"category","embeddable":true,"href":"https:\/\/theworldwidejournal.com\/index.php?rest_route=%2Fwp%2Fv2%2Fcategories&post=164051"},{"taxonomy":"post_tag","embeddable":true,"href":"https:\/\/theworldwidejournal.com\/index.php?rest_route=%2Fwp%2Fv2%2Ftags&post=164051"}],"curies":[{"name":"wp","href":"https:\/\/api.w.org\/{rel}","templated":true}]}}