{"id":164117,"date":"2020-10-10T20:56:56","date_gmt":"2020-10-10T18:56:56","guid":{"rendered":"https:\/\/theworldwidejournal.com\/2020\/10\/10\/iglesias-y-todos-los-ministros-de-unidas-podemos-acudiran-al-acto-del-12-de-octubre-presidido-por-los-reyes\/"},"modified":"2020-10-10T20:56:56","modified_gmt":"2020-10-10T18:56:56","slug":"iglesias-y-todos-los-ministros-de-unidas-podemos-acudiran-al-acto-del-12-de-octubre-presidido-por-los-reyes","status":"publish","type":"post","link":"https:\/\/theworldwidejournal.com\/?p=164117","title":{"rendered":"Iglesias y todos los ministros de Unidas Podemos acudir\u00e1n al acto del 12 de octubre presidido por los Reyes"},"content":{"rendered":"<p>Es la primera vez que el l\u00edder de la formaci\u00f3n morada acude a esta celebraci\u00f3n y lo hace despu\u00e9s de las recientes cr\u00edticas a la Monarqu\u00eda.&nbsp;Leer<br \/>\nVia: <a href=\"https:\/\/www.elmundo.es\/espana\/2020\/10\/10\/5f820292fdddff6c3a8b456e.html\" target=\"_blank\">Iglesias y todos los ministros de Unidas Podemos acudir\u00e1n al acto del 12 de octubre presidido por los Reyes<\/a><\/p>\n","protected":false},"excerpt":{"rendered":"<p>Es la primera vez que el l\u00edder de la formaci\u00f3n morada acude a esta celebraci\u00f3n y lo hace despu\u00e9s de las recientes cr\u00edticas a la Monarqu\u00eda.&nbsp;Leer Via: Iglesias y todos los ministros de Unidas Podemos acudir\u00e1n al acto del 12 de octubre presidido por los Reyes<\/p>\n","protected":false},"author":2,"featured_media":0,"comment_status":"open","ping_status":"closed","sticky":false,"template":"","format":"standard","meta":{"footnotes":""},"categories":[6],"tags":[],"class_list":["post-164117","post","type-post","status-publish","format-standard","hentry","category-spanish"],"_links":{"self":[{"href":"https:\/\/theworldwidejournal.com\/index.php?rest_route=\/wp\/v2\/posts\/164117","targetHints":{"allow":["GET"]}}],"collection":[{"href":"https:\/\/theworldwidejournal.com\/index.php?rest_route=\/wp\/v2\/posts"}],"about":[{"href":"https:\/\/theworldwidejournal.com\/index.php?rest_route=\/wp\/v2\/types\/post"}],"author":[{"embeddable":true,"href":"https:\/\/theworldwidejournal.com\/index.php?rest_route=\/wp\/v2\/users\/2"}],"replies":[{"embeddable":true,"href":"https:\/\/theworldwidejournal.com\/index.php?rest_route=%2Fwp%2Fv2%2Fcomments&post=164117"}],"version-history":[{"count":0,"href":"https:\/\/theworldwidejournal.com\/index.php?rest_route=\/wp\/v2\/posts\/164117\/revisions"}],"wp:attachment":[{"href":"https:\/\/theworldwidejournal.com\/index.php?rest_route=%2Fwp%2Fv2%2Fmedia&parent=164117"}],"wp:term":[{"taxonomy":"category","embeddable":true,"href":"https:\/\/theworldwidejournal.com\/index.php?rest_route=%2Fwp%2Fv2%2Fcategories&post=164117"},{"taxonomy":"post_tag","embeddable":true,"href":"https:\/\/theworldwidejournal.com\/index.php?rest_route=%2Fwp%2Fv2%2Ftags&post=164117"}],"curies":[{"name":"wp","href":"https:\/\/api.w.org\/{rel}","templated":true}]}}