{"id":164187,"date":"2020-10-11T14:59:26","date_gmt":"2020-10-11T12:59:26","guid":{"rendered":"https:\/\/theworldwidejournal.com\/2020\/10\/11\/arde-la-casa-donde-mataron-a-asunta-basterra\/"},"modified":"2020-10-11T14:59:26","modified_gmt":"2020-10-11T12:59:26","slug":"arde-la-casa-donde-mataron-a-asunta-basterra","status":"publish","type":"post","link":"https:\/\/theworldwidejournal.com\/?p=164187","title":{"rendered":"Arde la casa donde mataron a Asunta Basterra"},"content":{"rendered":"<p>Las llamas han quemado la parte baja del chalet de Teo (La Coru\u00f1a) en el que en septiembre de 2013 los padres de Asunta mataron a su hija. El incendio, cuyas causas se est\u00e1n investigando, afect\u00f3 de lleno a la familiar de los Porto, que lleva en venta desde el crimen de la menor. Seg\u00fan la informaci\u00f3n facilitada por el CIAE 112, el fuego se declar\u00f3 al filo de las 3.00 horas de la madrugada y calcin\u00f3 buena parte del inmueble, situado en A P\u00f3boa. Fueron unos vecinos los que alertaron de la situaci\u00f3n, porque en el chalet no vive nadie desde la muerte de los padres de Porto. Tras su fallecimiento, ella y su marido, tambi\u00e9n condenado a 18 a\u00f1os de prisi\u00f3n por el asesinato de la menor, se ocupaban de ventilarla y mantenerla a punto. Pero desde su ingreso en la c\u00e1rcel, el abandono y la maleza fueron ganando terreno a espera de un comprador que no acaba de aparecer. Para dilucidar las circunstancias del incendio, miembros de la Guardia Civil se desplazaron este domingo a la vivienda para tomar muestras ante la posible apertura de una investigaci\u00f3n. Sobre los da\u00f1os ocasionados por el fuego, todo apunta a que las llamas afectaron a la planta principal y tambi\u00e9n a la estructura de la vivienda, de m\u00e1s de 400 metros cuadrados \u00fatiles. Ubicada en una gran finca de unos 10.000 metros, la vivienda consta de cinco habitaciones, cinco ba\u00f1os y cuatro salones. En su exterior dispone de piscina, pista de tenis y bodega, aunque en mal estado de conservaci\u00f3n. El precio inicial de venta lleg\u00f3 a rondar el mill\u00f3n de euros, aunque poco a poco fue devalu\u00e1ndose. En los \u00faltimos tiempos, la vivienda hab\u00eda sido objeto de robos y algunos vecinos informaron de que grupos de okupas acced\u00edan a ella en ocasiones, lo que dar\u00eda cuenta del estado de deterioro en el que se encuentra. El papel que la vivienda jug\u00f3 en el crimen de la ni\u00f1a no es menor. Seg\u00fan qued\u00f3 probado en el juicio celebrado en 2016 en la Audiencia provincial de La Coru\u00f1a con sede en Santiago, los padres de Asunta la llevaron all\u00ed unas semanas antes de su muerte para hacer un primer intento o ensayo del asesinato. Los accesos y salidas registrados por el sistema de alarma de la casa los delat\u00f3, aunque ellos mantuvieron en todo momento que hab\u00edan ido all\u00ed a ventilar las habitaciones. Esta vivienda, que retrata el nivel de vida de la familia de la abogada, siempre ser\u00e1 recordada como el escenario de uno de los cr\u00edmenes m\u00e1s medi\u00e1ticos y perturbadores de la cr\u00f3nica negra espa\u00f1ola. All\u00ed fue a donde Rosario Porto -nunca se aclar\u00f3 si Basterra tambi\u00e9n fue o no- se llev\u00f3 a Asunta ya drogada para asfixiarla. Una vez muerta, la ni\u00f1a fue abandonada en una cuneta cercana, al lado de una pista forestal en la que siete a\u00f1os despu\u00e9s se conservan las flores y los peluches que los vecinos dejaron en se\u00f1al de duelo.<br \/>\nVia: <a href=\"https:\/\/www.abc.es\/espana\/galicia\/abci-arde-casa-donde-mataron-asunta-basterra-202010111459_noticia.html\" target=\"_blank\">Arde la casa donde mataron a Asunta Basterra<\/a><\/p>\n","protected":false},"excerpt":{"rendered":"<p>Las llamas han quemado la parte baja del chalet de Teo (La Coru\u00f1a) en el que en septiembre de 2013 los padres de Asunta mataron a su hija. El incendio, cuyas causas se est\u00e1n investigando, afect\u00f3 de lleno a la familiar de los Porto, que lleva en venta desde el [&hellip;]<\/p>\n","protected":false},"author":2,"featured_media":164188,"comment_status":"open","ping_status":"closed","sticky":false,"template":"","format":"standard","meta":{"footnotes":""},"categories":[6],"tags":[],"class_list":["post-164187","post","type-post","status-publish","format-standard","has-post-thumbnail","hentry","category-spanish"],"_links":{"self":[{"href":"https:\/\/theworldwidejournal.com\/index.php?rest_route=\/wp\/v2\/posts\/164187","targetHints":{"allow":["GET"]}}],"collection":[{"href":"https:\/\/theworldwidejournal.com\/index.php?rest_route=\/wp\/v2\/posts"}],"about":[{"href":"https:\/\/theworldwidejournal.com\/index.php?rest_route=\/wp\/v2\/types\/post"}],"author":[{"embeddable":true,"href":"https:\/\/theworldwidejournal.com\/index.php?rest_route=\/wp\/v2\/users\/2"}],"replies":[{"embeddable":true,"href":"https:\/\/theworldwidejournal.com\/index.php?rest_route=%2Fwp%2Fv2%2Fcomments&post=164187"}],"version-history":[{"count":0,"href":"https:\/\/theworldwidejournal.com\/index.php?rest_route=\/wp\/v2\/posts\/164187\/revisions"}],"wp:featuredmedia":[{"embeddable":true,"href":"https:\/\/theworldwidejournal.com\/index.php?rest_route=\/wp\/v2\/media\/164188"}],"wp:attachment":[{"href":"https:\/\/theworldwidejournal.com\/index.php?rest_route=%2Fwp%2Fv2%2Fmedia&parent=164187"}],"wp:term":[{"taxonomy":"category","embeddable":true,"href":"https:\/\/theworldwidejournal.com\/index.php?rest_route=%2Fwp%2Fv2%2Fcategories&post=164187"},{"taxonomy":"post_tag","embeddable":true,"href":"https:\/\/theworldwidejournal.com\/index.php?rest_route=%2Fwp%2Fv2%2Ftags&post=164187"}],"curies":[{"name":"wp","href":"https:\/\/api.w.org\/{rel}","templated":true}]}}