{"id":164253,"date":"2020-10-12T02:28:10","date_gmt":"2020-10-12T00:28:10","guid":{"rendered":"https:\/\/theworldwidejournal.com\/2020\/10\/12\/pablo-iglesias-se-estrena-en-la-fiesta-nacional-tras-sus-ataques-al-rey\/"},"modified":"2020-10-12T02:28:10","modified_gmt":"2020-10-12T00:28:10","slug":"pablo-iglesias-se-estrena-en-la-fiesta-nacional-tras-sus-ataques-al-rey","status":"publish","type":"post","link":"https:\/\/theworldwidejournal.com\/?p=164253","title":{"rendered":"Pablo Iglesias se estrena en la Fiesta Nacional tras sus ataques al Rey"},"content":{"rendered":"<p>Nunca hasta ahora el l\u00edder de Unidas Podemos hab\u00eda asistido al desfile tradicional del 12 de Octubre. Este a\u00f1o su posici\u00f3n como n\u00famero tres del Ejecutivo exige, sin embargo, su presencia.&nbsp;Leer<br \/>\nVia: <a href=\"https:\/\/www.elmundo.es\/espana\/2020\/10\/12\/5f8352d3fdddff17a18b4577.html\" target=\"_blank\">Pablo Iglesias se estrena en la Fiesta Nacional tras sus ataques al Rey<\/a><\/p>\n","protected":false},"excerpt":{"rendered":"<p>Nunca hasta ahora el l\u00edder de Unidas Podemos hab\u00eda asistido al desfile tradicional del 12 de Octubre. Este a\u00f1o su posici\u00f3n como n\u00famero tres del Ejecutivo exige, sin embargo, su presencia.&nbsp;Leer Via: Pablo Iglesias se estrena en la Fiesta Nacional tras sus ataques al Rey<\/p>\n","protected":false},"author":2,"featured_media":0,"comment_status":"open","ping_status":"closed","sticky":false,"template":"","format":"standard","meta":{"footnotes":""},"categories":[6],"tags":[],"class_list":["post-164253","post","type-post","status-publish","format-standard","hentry","category-spanish"],"_links":{"self":[{"href":"https:\/\/theworldwidejournal.com\/index.php?rest_route=\/wp\/v2\/posts\/164253","targetHints":{"allow":["GET"]}}],"collection":[{"href":"https:\/\/theworldwidejournal.com\/index.php?rest_route=\/wp\/v2\/posts"}],"about":[{"href":"https:\/\/theworldwidejournal.com\/index.php?rest_route=\/wp\/v2\/types\/post"}],"author":[{"embeddable":true,"href":"https:\/\/theworldwidejournal.com\/index.php?rest_route=\/wp\/v2\/users\/2"}],"replies":[{"embeddable":true,"href":"https:\/\/theworldwidejournal.com\/index.php?rest_route=%2Fwp%2Fv2%2Fcomments&post=164253"}],"version-history":[{"count":0,"href":"https:\/\/theworldwidejournal.com\/index.php?rest_route=\/wp\/v2\/posts\/164253\/revisions"}],"wp:attachment":[{"href":"https:\/\/theworldwidejournal.com\/index.php?rest_route=%2Fwp%2Fv2%2Fmedia&parent=164253"}],"wp:term":[{"taxonomy":"category","embeddable":true,"href":"https:\/\/theworldwidejournal.com\/index.php?rest_route=%2Fwp%2Fv2%2Fcategories&post=164253"},{"taxonomy":"post_tag","embeddable":true,"href":"https:\/\/theworldwidejournal.com\/index.php?rest_route=%2Fwp%2Fv2%2Ftags&post=164253"}],"curies":[{"name":"wp","href":"https:\/\/api.w.org\/{rel}","templated":true}]}}