{"id":164258,"date":"2020-10-12T03:33:59","date_gmt":"2020-10-12T01:33:59","guid":{"rendered":"https:\/\/theworldwidejournal.com\/2020\/10\/12\/illa-y-celaa-sortearon-el-confinamiento-del-estado-de-alarma\/"},"modified":"2020-10-12T03:33:59","modified_gmt":"2020-10-12T01:33:59","slug":"illa-y-celaa-sortearon-el-confinamiento-del-estado-de-alarma","status":"publish","type":"post","link":"https:\/\/theworldwidejournal.com\/?p=164258","title":{"rendered":"Illa y Cela\u00e1 sortearon el confinamiento del estado de alarma"},"content":{"rendered":"<p>Varios ministros del Gobierno de coalici\u00f3n abandonaron Madrid el pasado viernes despu\u00e9s de que el jefe del Ejecutivo decretara el estado de alarma en la capital. La primera fue la ministra de Educaci\u00f3n, Isabel Cela\u00e1, quien parti\u00f3 a Bilbao mientras las autoridades ped\u00edan no abandonar la capital con motivo del puente del Pilar. Fuentes del ministerio explicaron a ABC que la marcha de Cela\u00e1 dos horas antes de que entrara en vigor el decreto se debi\u00f3 a que el viernes \u00abempez\u00f3 a encontrarse mal por un c\u00f3lico\u00bb. \u00abSe asust\u00f3 y habl\u00f3 con su m\u00e9dico de cabecera, que le dijo que lo fuera a ver, de ah\u00ed el viaje del viernes a Bilbao, donde la ministra tiene su residencia habitual\u00bb, precisaron las mismas fuentes. Su casa de Neguri (Vizcaya) tiene pintadas pidiendo su dimisi\u00f3n. Sus hijas llamaron a la Polic\u00eda tras los hechos, seg\u00fan ha podido saber ABC. La marcha de la ministra gener\u00f3 un gran revuelo en redes sociales, donde algunos usuarios publicaron fotos de la ministra arriba de un avi\u00f3n de Air Europa (UX 7153) el pasado viernes con destino Bilbao a las 14.45. Las mismas fuentes aseguraron ayer que Isabel Cela\u00e1 se encuentra \u00abbien\u00bb y que regres\u00f3 el s\u00e1bado al mediod\u00eda a la capital porque hoy tiene previsto participar en la Fiesta Nacional en el Palacio Real. Agenda \u00abad hoc\u00bb La agenda del ministro de sanidad, Salvador Illa, en cambio, parec\u00eda prepara \u00abad hoc\u00bb para escaparse a Catalu\u00f1a, donde vive su familia con reuniones poco urgentes. El s\u00e1bado mantuvo una reuni\u00f3n de trabajo con la Fundaci\u00f3 Ernest Lluch y por la tarde visti\u00f3 la sede del Consorcio de la Gran Via, formado por la Generalitat de Catalu\u00f1a y el Ayuntamiento de L\u00b4Hospitalet, para desarrollar el plan director urban\u00edstico de esta zona del \u00e1rea metropolitana de Barcelona con el que se pretende atraer a empresas nacionales e internacionales del sector de la biomedicina. Pr\u00e1cticamente la mitad del Ejecutivo estuvo fuera de la capital este fin de semana. Los cuatro vicepresidentes Carmen Calvo, Pablo Iglesias, Nadia Calvi\u00f1o, y Teresa Ribera; y seis ministros: la de Exteriores, Arancha Gonz\u00e1lez-Laya; el de Interior, Fernando Grande-Marlaska; el de Transportes, Jos\u00e9 Luis \u00c1balos; la de Industria, Reyes Maroto; el de Agricultura, Luis Planas; y la de Pol\u00edtica Territorial, Carolina Darias asistieron junto a Pedro S\u00e1nchez a la XXXI Cumbre Hispano-Lusa que se celebr\u00f3 en Guarda (Portugal) el s\u00e1bado.<br \/>\nVia: <a href=\"https:\/\/www.abc.es\/espana\/abci-illa-y-celaa-sortearon-confinamiento-estado-alarma-202010120333_noticia.html\" target=\"_blank\">Illa y Cela\u00e1 sortearon el confinamiento del estado de alarma<\/a><\/p>\n","protected":false},"excerpt":{"rendered":"<p>Varios ministros del Gobierno de coalici\u00f3n abandonaron Madrid el pasado viernes despu\u00e9s de que el jefe del Ejecutivo decretara el estado de alarma en la capital. La primera fue la ministra de Educaci\u00f3n, Isabel Cela\u00e1, quien parti\u00f3 a Bilbao mientras las autoridades ped\u00edan no abandonar la capital con motivo del [&hellip;]<\/p>\n","protected":false},"author":2,"featured_media":164259,"comment_status":"open","ping_status":"closed","sticky":false,"template":"","format":"standard","meta":{"footnotes":""},"categories":[6],"tags":[],"class_list":["post-164258","post","type-post","status-publish","format-standard","has-post-thumbnail","hentry","category-spanish"],"_links":{"self":[{"href":"https:\/\/theworldwidejournal.com\/index.php?rest_route=\/wp\/v2\/posts\/164258","targetHints":{"allow":["GET"]}}],"collection":[{"href":"https:\/\/theworldwidejournal.com\/index.php?rest_route=\/wp\/v2\/posts"}],"about":[{"href":"https:\/\/theworldwidejournal.com\/index.php?rest_route=\/wp\/v2\/types\/post"}],"author":[{"embeddable":true,"href":"https:\/\/theworldwidejournal.com\/index.php?rest_route=\/wp\/v2\/users\/2"}],"replies":[{"embeddable":true,"href":"https:\/\/theworldwidejournal.com\/index.php?rest_route=%2Fwp%2Fv2%2Fcomments&post=164258"}],"version-history":[{"count":0,"href":"https:\/\/theworldwidejournal.com\/index.php?rest_route=\/wp\/v2\/posts\/164258\/revisions"}],"wp:featuredmedia":[{"embeddable":true,"href":"https:\/\/theworldwidejournal.com\/index.php?rest_route=\/wp\/v2\/media\/164259"}],"wp:attachment":[{"href":"https:\/\/theworldwidejournal.com\/index.php?rest_route=%2Fwp%2Fv2%2Fmedia&parent=164258"}],"wp:term":[{"taxonomy":"category","embeddable":true,"href":"https:\/\/theworldwidejournal.com\/index.php?rest_route=%2Fwp%2Fv2%2Fcategories&post=164258"},{"taxonomy":"post_tag","embeddable":true,"href":"https:\/\/theworldwidejournal.com\/index.php?rest_route=%2Fwp%2Fv2%2Ftags&post=164258"}],"curies":[{"name":"wp","href":"https:\/\/api.w.org\/{rel}","templated":true}]}}