{"id":164260,"date":"2020-10-12T03:26:08","date_gmt":"2020-10-12T01:26:08","guid":{"rendered":"https:\/\/theworldwidejournal.com\/2020\/10\/12\/navarra-y-cataluna-impulsan-nuevas-restricciones-ante-una-situacion-critica-en-los-proximos-dias\/"},"modified":"2020-10-12T03:26:08","modified_gmt":"2020-10-12T01:26:08","slug":"navarra-y-cataluna-impulsan-nuevas-restricciones-ante-una-situacion-critica-en-los-proximos-dias","status":"publish","type":"post","link":"https:\/\/theworldwidejournal.com\/?p=164260","title":{"rendered":"Navarra y Catalu\u00f1a impulsan nuevas restricciones ante una \u00absituaci\u00f3n cr\u00edtica\u00bb en los pr\u00f3ximos d\u00edas"},"content":{"rendered":"<p>Mientras la situaci\u00f3n de Madrid por el coronavirus acapara la atenci\u00f3n pol\u00edtica, las curvas epid\u00e9micas de Navarra y Catalu\u00f1a est\u00e1n subiendo. La de Navarra, con unos \u00edndices absolutos preocupantes que en indicadores como la incidencia ponen a la comunidad a la cabeza del pa\u00eds. La de Catalu\u00f1a, con cifras m\u00e1s bajas pero en un ascenso constante. Frente a esta situaci\u00f3n, Navarra anunci\u00f3 el domingo restricciones generalizadas en toda la regi\u00f3n, mientras la Generalitat pidi\u00f3 m\u00e1s medidas preventivas para evitar \u00abllegar a una situaci\u00f3n cr\u00edtica en los pr\u00f3ximos d\u00edas\u00bb. Durante al menos dos semanas a partir de ma\u00f1ana martes, en Navarra se limitar\u00e1n las reuniones a grupos de seis personas, se ordenar\u00e1 el cierre de todos los locales a las 22 horas y se reduce el aforo de la hosteler\u00eda y la restauraci\u00f3n al 30%. Tambi\u00e9n se acotar\u00e1 el aforo en lugares de culto y espacios comerciales a no m\u00e1s del 40% y en actividades culturales menos del 30%. Aunque la presidenta navarra Mar\u00eda Chivite asegur\u00f3 ayer \u00abnadie ha tenido que venir a imponer medidas\u00bb, en referencia a la aplicaci\u00f3n del estado de alarma en Madrid, lo cierto es que las restricciones anunciadas ayer son muy similares a las que anunci\u00f3 el 18 de septiembre la presidenta de la Comunidad de Madrid, Isabel D\u00edaz Ayuso, cuando la regi\u00f3n ten\u00eda una incidencia muy similar a la navarra. En concreto, la comunidad foral tiene ya 675 contagios por cada 100.000 habitantes seg\u00fan los datos del Ministerio de Sanidad del viernes, mientras que hace tres semanas Madrid ten\u00eda 682 casos por cada 100.000 habitantes. Un dato con el que Ayuso tambi\u00e9n decidi\u00f3 limitar la movilidad entre \u00e1reas sanitarias. Sin embargo, Chivite descart\u00f3 confinamientos perimetrales ya que, seg\u00fan dijo, el foco de contagios son las relaciones sociales y limitar la movilidad con otras comunidades tiene dificultades legales. Las dos semanas durante las que se extender\u00e1n las medidas son consideradas cruciales por Chivite, que insisti\u00f3 en \u00abreducir al m\u00e1ximo la interacci\u00f3n social\u00bb. \u00abEstamos en un momento cr\u00edtico en el que necesitamos reconducir la situaci\u00f3n\u00bb, dijo. Lo cierto es que los datos de Navarra se mantienen en niveles preocupantes desde mediados del mes de septiembre, cuando comenz\u00f3 a superar los 500 contagios por cada 100.000 habitantes, uno de los tres par\u00e1metros que ha fijado el ministro Salvador Illa como umbral para ordenar el confinamientos. El otro es superar un 10% de positividad en las pruebas PCR, que en Navarra mantienen una ligera tendencia al alza y ya se sit\u00faan al 10,7%. El tercer criterio para que se disparen las alertas en el Ministerios es alcanzar una ocupaci\u00f3n de las camas UCI del 35%, el \u00fanico de los tres par\u00e1metros al que todav\u00eda no se acercan los navarros, al 23,26%. Sin embargo, la tendencia en este apartado ha ido en aumento: solo entre el lunes y el viernes de la pasada semana, la ocupaci\u00f3n de las UCI subi\u00f3 un 4,66% en la regi\u00f3n. Reducir la movilidad Tambi\u00e9n en Catalu\u00f1a, este domingo el secretario de Salud P\u00fablica de la Generalitat, Josep Maria Argimon, pidi\u00f3 ampliar el teletrabajo hasta recuperar los niveles de marzo y abril, y que las universidades hagan las clases de forma virtual durante los pr\u00f3ximos 15 d\u00edas, ante el empeoramiento de los datos epidemiol\u00f3gicos. En una entrevista en Rac1, Argimon expres\u00f3 \u00abmucha preocupaci\u00f3n\u00bb por el hecho de que en Catalu\u00f1a est\u00e1n creciendo los contagios \u00abalgo m\u00e1s\u00bb de lo que preve\u00edan e indic\u00f3 que con esta tendencia al alza habr\u00e1 que tomar \u00abm\u00e1s medidas\u00bb. \u00abClar\u00edsimamente tenemos que reducir la movilidad y la interacci\u00f3n social\u00bb, dijo. La comunidad tiene una incidencia a 14 d\u00edas de 211 casos por 100.000 habitantes, una positividad de las PCR del 7,4% y una ocupaci\u00f3n en UCI del 16,8%. Eso s\u00ed, los tres indicadores han registrado un aumento en la \u00faltima semana. Y, seg\u00fan insisti\u00f3 la Generalitat en las redes sociales, los catalanes deben reducir su interacci\u00f3n social y moverse con sus \u00abburbujas\u00bb de contacto habitual para \u00abevitar llegar a una situaci\u00f3n cr\u00edtica en los pr\u00f3ximos d\u00edas\u00bb. Mientras, la tendencia de Madrid es ya la opuesta. La incidencia regional est\u00e1 en 540 contagiados por cada 100.000 habitantes, por debajo de la navarra, seg\u00fan los datos del Ministerio. Y aunque sigue superando a ambas comunidades en positividad y ocupaci\u00f3n de UCI, la tendencia, como insisten en la consejer\u00eda madrile\u00f1a, es ya a la baja.<br \/>\nVia: <a href=\"https:\/\/www.abc.es\/sociedad\/abci-navarra-y-cataluna-impulsan-nuevas-restricciones-ante-situacion-critica-proximos-dias-202010120326_noticia.html\" target=\"_blank\">Navarra y Catalu\u00f1a impulsan nuevas restricciones ante una \u00absituaci\u00f3n cr\u00edtica\u00bb en los pr\u00f3ximos d\u00edas<\/a><\/p>\n","protected":false},"excerpt":{"rendered":"<p>Mientras la situaci\u00f3n de Madrid por el coronavirus acapara la atenci\u00f3n pol\u00edtica, las curvas epid\u00e9micas de Navarra y Catalu\u00f1a est\u00e1n subiendo. La de Navarra, con unos \u00edndices absolutos preocupantes que en indicadores como la incidencia ponen a la comunidad a la cabeza del pa\u00eds. La de Catalu\u00f1a, con cifras m\u00e1s [&hellip;]<\/p>\n","protected":false},"author":2,"featured_media":164261,"comment_status":"open","ping_status":"closed","sticky":false,"template":"","format":"standard","meta":{"footnotes":""},"categories":[6],"tags":[],"class_list":["post-164260","post","type-post","status-publish","format-standard","has-post-thumbnail","hentry","category-spanish"],"_links":{"self":[{"href":"https:\/\/theworldwidejournal.com\/index.php?rest_route=\/wp\/v2\/posts\/164260","targetHints":{"allow":["GET"]}}],"collection":[{"href":"https:\/\/theworldwidejournal.com\/index.php?rest_route=\/wp\/v2\/posts"}],"about":[{"href":"https:\/\/theworldwidejournal.com\/index.php?rest_route=\/wp\/v2\/types\/post"}],"author":[{"embeddable":true,"href":"https:\/\/theworldwidejournal.com\/index.php?rest_route=\/wp\/v2\/users\/2"}],"replies":[{"embeddable":true,"href":"https:\/\/theworldwidejournal.com\/index.php?rest_route=%2Fwp%2Fv2%2Fcomments&post=164260"}],"version-history":[{"count":0,"href":"https:\/\/theworldwidejournal.com\/index.php?rest_route=\/wp\/v2\/posts\/164260\/revisions"}],"wp:featuredmedia":[{"embeddable":true,"href":"https:\/\/theworldwidejournal.com\/index.php?rest_route=\/wp\/v2\/media\/164261"}],"wp:attachment":[{"href":"https:\/\/theworldwidejournal.com\/index.php?rest_route=%2Fwp%2Fv2%2Fmedia&parent=164260"}],"wp:term":[{"taxonomy":"category","embeddable":true,"href":"https:\/\/theworldwidejournal.com\/index.php?rest_route=%2Fwp%2Fv2%2Fcategories&post=164260"},{"taxonomy":"post_tag","embeddable":true,"href":"https:\/\/theworldwidejournal.com\/index.php?rest_route=%2Fwp%2Fv2%2Ftags&post=164260"}],"curies":[{"name":"wp","href":"https:\/\/api.w.org\/{rel}","templated":true}]}}