{"id":164262,"date":"2020-10-12T01:38:52","date_gmt":"2020-10-11T23:38:52","guid":{"rendered":"https:\/\/theworldwidejournal.com\/2020\/10\/12\/colau-dio-88-000-euros-en-2019-a-una-entidad-afin-impulsada-por-la-madre-de-rodrigo-lanza\/"},"modified":"2020-10-12T01:38:52","modified_gmt":"2020-10-11T23:38:52","slug":"colau-dio-88-000-euros-en-2019-a-una-entidad-afin-impulsada-por-la-madre-de-rodrigo-lanza","status":"publish","type":"post","link":"https:\/\/theworldwidejournal.com\/?p=164262","title":{"rendered":"Colau dio 88.000 euros en 2019 a una entidad af\u00edn impulsada por la madre de Rodrigo Lanza"},"content":{"rendered":"<p>El Ayuntamiento de Barcelona reg\u00f3 el a\u00f1o pasado con casi 88.000 euros por cinco proyectos a Ir\u00eddia-Centro de Defensa de los Derechos Humanos, una asociaci\u00f3n m\u00e1s que af\u00edn a los comunes que, como sus impulsores definen, \u00abtrabaja en Catalu\u00f1a para la defensa de los derechos humanos, principalmente civiles y pol\u00edticos\u00bb. Desde su creaci\u00f3n no ha dejado de recibir buenos pellizcos de las arcas municipales, especialmente por sus proyectos vinculados a la \u00abviolencia policial e institucional\u00bb y a la defensa de los inmigrantes. La entidad naci\u00f3 a finales de 2015, curiosamente poco despu\u00e9s de que Colau llegara a la alcald\u00eda. Cont\u00f3 entre sus impulsores con Mariana Huidobro, la madre del antisistema Rodrigo Lanza, que el 4 de febrero de 2008 dej\u00f3 a un agente de la Guardia Urbana de Barcelona tetrapl\u00e9jico durante un desalojo de una casa okupa, el conocido como caso del 4-F, y que recientemente ha sido condenado por un asesinato por motivos de odio que cometi\u00f3 en Zaragoza en 2017. Ir\u00eddia se agarr\u00f3 entonces a las teor\u00edas, arropadas por los comunes, de que el caso hab\u00eda sido un montaje policial. El \u00abamiguismo\u00bb del gobierno de Ada Colau con esta entidad, de hecho, no es nuevo. Las primeras subvenciones se concedieron poco despu\u00e9s de su creaci\u00f3n, por parte de la tenencia de alcald\u00eda de Derechos Sociales del Ayuntamiento, que lideraba el entonces concejal Jaume Asens, que hab\u00eda sido uno de los abogados defensores de Lanza en el 4-F. Entre 2017 y 2019, el total de subvenciones p\u00fablicas que recibi\u00f3 Iridia, desglosado en su portal web, pas\u00f3 de 35.015,05 euros (de los que 34.281 llegaron de la caja municipal) a 89.975,17 euros (61.850 de ellos, v\u00eda Colau). Eso, sin contar la contrataci\u00f3n de servicios, de la que tambi\u00e9n tir\u00f3 para ello el gobierno de los comunes. Facturas hinchadas De los seis proyectos que consigui\u00f3 Ir\u00eddia el a\u00f1o pasado, que ABC ha podido consultar desde la cuenta general de 2019, hubo 61.850 euros que llegaron a trav\u00e9s de subvenciones. Un total de 37.800 euros fueron para el proyecto \u00abSistema de deportaci\u00f3n y racismo. Estudio del caso: Marruecos\u00bb, que impulsa el \u00e1rea de cooperaci\u00f3n internacional del Consistorio en colaboraci\u00f3n con el Instituto Internacional para la Acci\u00f3n Noviolenta. Adem\u00e1s, hubo 20.000 euros para el Servicio de Atenci\u00f3n y Denuncia frente a situaciones de Violencia Institucional (Saidavi, por sus siglas en catal\u00e1n), una aportaci\u00f3n que desde 2017 se ha ido repitiendo peri\u00f3dicamente. El Saidavi, como Ir\u00eddia explica, ofrece \u00abasistencia jur\u00eddica y psicosocial a las personas que sufren situaciones de maltrato en el marco del sistema penal catal\u00e1n, con el objetivo de prevenir y denunciar la violencia institucional\u00bb. El servicio cogi\u00f3 fuerza a ra\u00edz del refer\u00e9ndum ilegal de 2017, ya que entonces se impuls\u00f3 una campa\u00f1a para denunciar las vulneraciones por las \u00abmedidas represivas adoptadas por el Estado espa\u00f1ol como respuesta al 1-O\u00bb, como ellos mismos recuerdan. Hace justo un a\u00f1o, con la publicaci\u00f3n de la sentencia contra los l\u00edderes del \u00abproc\u00e9s\u00bb, vivi\u00f3 otro \u00abboom\u00bb. El gobierno de Colau ha regado sustancialmente este proyecto, aunque tambi\u00e9n se ha beneficiado de subvenciones privadas, donaciones y \u00abcrowdfunding\u00bb de sectores independentistas. Una tercera subvenci\u00f3n del a\u00f1o pasado, en este caso de 4.050 euros, fue para el estudio \u00abLa violencia despu\u00e9s de la violencia\u00bb, encargado por el \u00e1rea de feminismos y LGTBI del Ayuntamiento barcelon\u00e9s para analizar los cuerpos policiales y la violencia machista. Por otro lado, a las arcas de Ir\u00eddia llegaron otros 25.821,40 euros de Barcelona en forma de dos proyectos de contrataci\u00f3n de servicios. De estos, destaca un contrato por valor de 16.105 euros (que por su coste, es menor, puede otorgarse por la v\u00eda directa) para la realizaci\u00f3n de las \u00abJornadas sobre la vulneraci\u00f3n de derechos humanos en el Centro de Internamiento de Extranjeros (CIE)\u00bb. Se realizaron en diciembre de 2019 en el Colegio de Abogados de Barcelona y aunque apenas duraron media jornada, de 9.45 a 14.00 horas, la factura de Iridia, a la que ABC ha tenido acceso, contabiliz\u00f3 320 horas de trabajo, adem\u00e1s de dos noches de hotel para dos ponentes (a 180 euros cada una de ellas), un hecho que como poco choca pues el acto dur\u00f3 emnos de cinco horas. La paradoja con los CIE Ir\u00eddia ha sido una de las asociaciones sobre las que se ha apoyado m\u00e1s el gobierno de los comunes en Barcelona para luchar por el desmantelamiento de los CIE. Una batalla que Colau arrastra desde hace a\u00f1os y que ahora ha intensificado. Estas instalaciones reabrieron hace escasas dos semanas tras un cierre forzado por el Covid y la l\u00edder BCom\u00fa, junto a su hom\u00f3logo en Valencia, Joan Rib\u00f3 (Comprom\u00eds), mandaron hace unos d\u00edas una carta al Gobierno, la segunda de ambos en menos de medio a\u00f1o, para exigir el cierre de estos espacios. \u00abSon crueles, ineficaces e incumplen las medidas sanitarias\u00bb, recordaba la alcaldesa. A nadie se le escapa, sin embargo, esta parad\u00f3jica presi\u00f3n de ambos l\u00edderes locales al Ejecutivo central, al que sus coaliciones pertenecen.<br \/>\nVia: <a href=\"https:\/\/www.abc.es\/espana\/catalunya\/barcelona\/abci-colau-88000-euros-2019-entidad-afin-impulsada-madre-rodrigo-lanza-202010120138_noticia.html\" target=\"_blank\">Colau dio 88.000 euros en 2019 a una entidad af\u00edn impulsada por la madre de Rodrigo Lanza<\/a><\/p>\n","protected":false},"excerpt":{"rendered":"<p>El Ayuntamiento de Barcelona reg\u00f3 el a\u00f1o pasado con casi 88.000 euros por cinco proyectos a Ir\u00eddia-Centro de Defensa de los Derechos Humanos, una asociaci\u00f3n m\u00e1s que af\u00edn a los comunes que, como sus impulsores definen, \u00abtrabaja en Catalu\u00f1a para la defensa de los derechos humanos, principalmente civiles y pol\u00edticos\u00bb. [&hellip;]<\/p>\n","protected":false},"author":2,"featured_media":164263,"comment_status":"open","ping_status":"closed","sticky":false,"template":"","format":"standard","meta":{"footnotes":""},"categories":[6],"tags":[],"class_list":["post-164262","post","type-post","status-publish","format-standard","has-post-thumbnail","hentry","category-spanish"],"_links":{"self":[{"href":"https:\/\/theworldwidejournal.com\/index.php?rest_route=\/wp\/v2\/posts\/164262","targetHints":{"allow":["GET"]}}],"collection":[{"href":"https:\/\/theworldwidejournal.com\/index.php?rest_route=\/wp\/v2\/posts"}],"about":[{"href":"https:\/\/theworldwidejournal.com\/index.php?rest_route=\/wp\/v2\/types\/post"}],"author":[{"embeddable":true,"href":"https:\/\/theworldwidejournal.com\/index.php?rest_route=\/wp\/v2\/users\/2"}],"replies":[{"embeddable":true,"href":"https:\/\/theworldwidejournal.com\/index.php?rest_route=%2Fwp%2Fv2%2Fcomments&post=164262"}],"version-history":[{"count":0,"href":"https:\/\/theworldwidejournal.com\/index.php?rest_route=\/wp\/v2\/posts\/164262\/revisions"}],"wp:featuredmedia":[{"embeddable":true,"href":"https:\/\/theworldwidejournal.com\/index.php?rest_route=\/wp\/v2\/media\/164263"}],"wp:attachment":[{"href":"https:\/\/theworldwidejournal.com\/index.php?rest_route=%2Fwp%2Fv2%2Fmedia&parent=164262"}],"wp:term":[{"taxonomy":"category","embeddable":true,"href":"https:\/\/theworldwidejournal.com\/index.php?rest_route=%2Fwp%2Fv2%2Fcategories&post=164262"},{"taxonomy":"post_tag","embeddable":true,"href":"https:\/\/theworldwidejournal.com\/index.php?rest_route=%2Fwp%2Fv2%2Ftags&post=164262"}],"curies":[{"name":"wp","href":"https:\/\/api.w.org\/{rel}","templated":true}]}}