{"id":164291,"date":"2020-10-12T15:41:58","date_gmt":"2020-10-12T13:41:58","guid":{"rendered":"https:\/\/theworldwidejournal.com\/2020\/10\/12\/projet-de-loi-sur-livg-lacademie-de-medecine-et-lordre-des-medecins-defavorables\/"},"modified":"2020-10-12T15:41:58","modified_gmt":"2020-10-12T13:41:58","slug":"projet-de-loi-sur-livg-lacademie-de-medecine-et-lordre-des-medecins-defavorables","status":"publish","type":"post","link":"https:\/\/theworldwidejournal.com\/?p=164291","title":{"rendered":"Projet de loi sur l&#8217;IVG\u00a0: l&#8217;Acad\u00e9mie de m\u00e9decine et l&#8217;Ordre des m\u00e9decins d\u00e9favorables"},"content":{"rendered":"<p>La premi\u00e8re estime qu&#8217;un d\u00e9lai de 14\u00a0semaines \u00abaugmente le recours \u00e0 des man\u0153uvres chirurgicales qui peuvent \u00eatre dangereuses pour les femmes\u00bb, le second que \u00abla disparition de la clause de conscience ne permettra pas de r\u00e9pondre aux difficult\u00e9s qui peuvent se poser \u00e0 nos concitoyennes souhaitant avoir recours \u00e0 une IVG\u00bb.<br \/>\nVia: <a href=\"https:\/\/www.liberation.fr\/france\/2020\/10\/12\/projet-de-loi-sur-l-ivg-l-academie-de-medecine-et-l-ordre-des-medecins-defavorables_1802116?xtor=rss-450\" target=\"_blank\">Projet de loi sur l&#8217;IVG\u00a0: l&#8217;Acad\u00e9mie de m\u00e9decine et l&#8217;Ordre des m\u00e9decins d\u00e9favorables<\/a><\/p>\n","protected":false},"excerpt":{"rendered":"<p>La premi\u00e8re estime qu&#8217;un d\u00e9lai de 14\u00a0semaines \u00abaugmente le recours \u00e0 des man\u0153uvres chirurgicales qui peuvent \u00eatre dangereuses pour les femmes\u00bb, le second que \u00abla disparition de la clause de conscience ne permettra pas de r\u00e9pondre aux difficult\u00e9s qui peuvent se poser \u00e0 nos concitoyennes souhaitant avoir recours \u00e0 une [&hellip;]<\/p>\n","protected":false},"author":2,"featured_media":0,"comment_status":"open","ping_status":"closed","sticky":false,"template":"","format":"standard","meta":{"footnotes":""},"categories":[4],"tags":[],"class_list":["post-164291","post","type-post","status-publish","format-standard","hentry","category-french"],"_links":{"self":[{"href":"https:\/\/theworldwidejournal.com\/index.php?rest_route=\/wp\/v2\/posts\/164291","targetHints":{"allow":["GET"]}}],"collection":[{"href":"https:\/\/theworldwidejournal.com\/index.php?rest_route=\/wp\/v2\/posts"}],"about":[{"href":"https:\/\/theworldwidejournal.com\/index.php?rest_route=\/wp\/v2\/types\/post"}],"author":[{"embeddable":true,"href":"https:\/\/theworldwidejournal.com\/index.php?rest_route=\/wp\/v2\/users\/2"}],"replies":[{"embeddable":true,"href":"https:\/\/theworldwidejournal.com\/index.php?rest_route=%2Fwp%2Fv2%2Fcomments&post=164291"}],"version-history":[{"count":0,"href":"https:\/\/theworldwidejournal.com\/index.php?rest_route=\/wp\/v2\/posts\/164291\/revisions"}],"wp:attachment":[{"href":"https:\/\/theworldwidejournal.com\/index.php?rest_route=%2Fwp%2Fv2%2Fmedia&parent=164291"}],"wp:term":[{"taxonomy":"category","embeddable":true,"href":"https:\/\/theworldwidejournal.com\/index.php?rest_route=%2Fwp%2Fv2%2Fcategories&post=164291"},{"taxonomy":"post_tag","embeddable":true,"href":"https:\/\/theworldwidejournal.com\/index.php?rest_route=%2Fwp%2Fv2%2Ftags&post=164291"}],"curies":[{"name":"wp","href":"https:\/\/api.w.org\/{rel}","templated":true}]}}