{"id":164323,"date":"2020-10-12T14:44:59","date_gmt":"2020-10-12T12:44:59","guid":{"rendered":"https:\/\/theworldwidejournal.com\/2020\/10\/12\/batasunos-decapitan-en-plena-calle-estatuas-del-rey-y-colon-para-protestar-contra-la-fiesta-nacional\/"},"modified":"2020-10-12T14:44:59","modified_gmt":"2020-10-12T12:44:59","slug":"batasunos-decapitan-en-plena-calle-estatuas-del-rey-y-colon-para-protestar-contra-la-fiesta-nacional","status":"publish","type":"post","link":"https:\/\/theworldwidejournal.com\/?p=164323","title":{"rendered":"Batasunos \u00abdecapitan\u00bb en plena calle estatuas del Rey y Col\u00f3n para protestar contra la Fiesta Nacional"},"content":{"rendered":"<p>Aunque por razones muy distintas, el nacionalismo radical tiene tambi\u00e9n marcado en rojo el 12 de octubre. Sus simpatizantes se sirven del escaparate que les brindan los festejos del D\u00eda de la Hispanidad para exteriorizar su rechazo a la Corona mediante actos que, en muchas ocasiones, se sit\u00faan en los l\u00edmites de la legalidad. Ejemplos de ello son la ya habitual quema de fotos del Rey, de las que las juventudes de Sortu han vuelto a hacer gala a trav\u00e9s de las redes sociales, as\u00ed como la \u00abdecapitaci\u00f3n\u00bb de sendas estatuas de Felipe VI y Crist\u00f3bal Col\u00f3n que ha tenido lugar esta ma\u00f1ana en plena calle en Pamplona. \u00abSon s\u00edmbolos del colonialismo\u00bb, alegan. Hace d\u00edas que los extremistas vienen alentando a la poblaci\u00f3n de Pa\u00eds Vasco y Navarra contra la celebraci\u00f3n del 12 de octubre. Las movilizaciones se suceden desde el pasado viernes, cuando afines a Sortu desfilaron por las calles de ciudades como Bilbao o Guecho (Vizcaya) con im\u00e1genes del Monarca boca abajo. La finalidad de dichos actos es doble, se\u00f1alaban desde la formaci\u00f3n soberanista, pues no solo se pretende denunciar el \u00abimperialismo espa\u00f1ol\u00bb sino tambi\u00e9n defender la \u00abRep\u00fablica vasca\u00bb. Bajo el lema \u00abNada que celebrar\u00bb, los batasunos han llevado a cabo diversos actos de protesta que han exhibido a trav\u00e9s de las redes sociales. Hay v\u00eddeos en los que aparecen fotograf\u00edas del Monarca arrojadas a una fogata. En otros, grupos de j\u00f3venes boicotean por la noche las se\u00f1ales de una autopista para exigir la expulsi\u00f3n de la Guardia Civil. &lt;blockquote class=&#8221;twitter-tweet&#8221;&gt;&lt;p lang=&#8221;eu&#8221; dir=&#8221;ltr&#8221;&gt;Espainiar inperialismoaren aurka!&lt;br&gt;Guardia zibila ez dugulako nahi eta ez dugulako behar!&lt;br&gt;Urriak 12an ez dugu ezer ospatzeko!&lt;a href=&#8221;https:\/\/twitter.com\/hashtag\/GazteokIndependentzia?src=hash&amp;amp;ref_src=twsrc%5Etfw&#8221;&gt;#GazteokIndependentzia&lt;\/a&gt;&lt;a href=&#8221;https:\/\/twitter.com\/hashtag\/EzDuguOnartzen?src=hash&amp;amp;ref_src=twsrc%5Etfw&#8221;&gt;#EzDuguOnartzen&lt;\/a&gt; &lt;a href=&#8221;https:\/\/t.co\/AGCTvo7yM3&#8243;&gt;pic.twitter.com\/AGCTvo7yM3&lt;\/a&gt;&lt;\/p&gt;&amp;mdash; Ernai Sakana (@ErnaiSakana) &lt;a href=&#8221;https:\/\/twitter.com\/ErnaiSakana\/status\/1314919388869468163?ref_src=twsrc%5Etfw&#8221;&gt;October 10, 2020&lt;\/a&gt;&lt;\/blockquote&gt; &lt;script async src=&#8221;https:\/\/platform.twitter.com\/widgets.js&#8221; charset=&#8221;utf-8&#8243;&gt;&lt;\/script&gt; Pero la manifestaci\u00f3n m\u00e1s pol\u00e9mica ha tenido lugar en pleno d\u00eda y cerca de la sede del Gobierno de Navarra, en Pamplona. Ajenos a las recomendaciones sanitarias, decenas de radicales se han concentrado all\u00ed para simular el derribo de sendas estatuas de Felipe VI y de Crist\u00f3bal Col\u00f3n. Para justificarse, han apelado a la figura de George Floyd, el afroestadounidense al que un polic\u00eda mat\u00f3 al apoyarse con la rodilla en su cuello durante cerca de nueve minutos. \u00abEn todo el mundo se han demolido s\u00edmbolos colonialistas para denunciar el asesinato de Floyd\u00bb, alegan. &lt;blockquote class=&#8221;twitter-tweet&#8221;&gt;&lt;p lang=&#8221;es&#8221; dir=&#8221;ltr&#8221;&gt;Bildu decapita hoy al Rey delante del Palacio de Navarra con total impunidad. &lt;a href=&#8221;https:\/\/twitter.com\/sanchezcastejon?ref_src=twsrc%5Etfw&#8221;&gt;@sanchezcastejon&lt;\/a&gt;, o rompes ya cualquier negociaci\u00f3n con Bildu-Batasuna o seguir\u00e1s siendo c\u00f3mplice de sus ataques a la Monarqu\u00eda y a la Constituci\u00f3n. &lt;a href=&#8221;https:\/\/t.co\/UfyBQV0ZhC&#8221;&gt;pic.twitter.com\/UfyBQV0ZhC&lt;\/a&gt;&lt;\/p&gt;&amp;mdash; Ana Beltr\u00e1n (@abeltran_ana) &lt;a href=&#8221;https:\/\/twitter.com\/abeltran_ana\/status\/1315634703475650562?ref_src=twsrc%5Etfw&#8221;&gt;October 12, 2020&lt;\/a&gt;&lt;\/blockquote&gt; &lt;script async src=&#8221;https:\/\/platform.twitter.com\/widgets.js&#8221; charset=&#8221;utf-8&#8243;&gt;&lt;\/script&gt;<br \/>\nVia: <a href=\"https:\/\/www.abc.es\/espana\/abci-batasunos-decapitan-plena-calle-estatuas-y-colon-para-protestar-contra-fiesta-nacional-202010121444_noticia.html\" target=\"_blank\">Batasunos \u00abdecapitan\u00bb en plena calle estatuas del Rey y Col\u00f3n para protestar contra la Fiesta Nacional<\/a><\/p>\n","protected":false},"excerpt":{"rendered":"<p>Aunque por razones muy distintas, el nacionalismo radical tiene tambi\u00e9n marcado en rojo el 12 de octubre. Sus simpatizantes se sirven del escaparate que les brindan los festejos del D\u00eda de la Hispanidad para exteriorizar su rechazo a la Corona mediante actos que, en muchas ocasiones, se sit\u00faan en los [&hellip;]<\/p>\n","protected":false},"author":2,"featured_media":164324,"comment_status":"open","ping_status":"closed","sticky":false,"template":"","format":"standard","meta":{"footnotes":""},"categories":[6],"tags":[],"class_list":["post-164323","post","type-post","status-publish","format-standard","has-post-thumbnail","hentry","category-spanish"],"_links":{"self":[{"href":"https:\/\/theworldwidejournal.com\/index.php?rest_route=\/wp\/v2\/posts\/164323","targetHints":{"allow":["GET"]}}],"collection":[{"href":"https:\/\/theworldwidejournal.com\/index.php?rest_route=\/wp\/v2\/posts"}],"about":[{"href":"https:\/\/theworldwidejournal.com\/index.php?rest_route=\/wp\/v2\/types\/post"}],"author":[{"embeddable":true,"href":"https:\/\/theworldwidejournal.com\/index.php?rest_route=\/wp\/v2\/users\/2"}],"replies":[{"embeddable":true,"href":"https:\/\/theworldwidejournal.com\/index.php?rest_route=%2Fwp%2Fv2%2Fcomments&post=164323"}],"version-history":[{"count":0,"href":"https:\/\/theworldwidejournal.com\/index.php?rest_route=\/wp\/v2\/posts\/164323\/revisions"}],"wp:featuredmedia":[{"embeddable":true,"href":"https:\/\/theworldwidejournal.com\/index.php?rest_route=\/wp\/v2\/media\/164324"}],"wp:attachment":[{"href":"https:\/\/theworldwidejournal.com\/index.php?rest_route=%2Fwp%2Fv2%2Fmedia&parent=164323"}],"wp:term":[{"taxonomy":"category","embeddable":true,"href":"https:\/\/theworldwidejournal.com\/index.php?rest_route=%2Fwp%2Fv2%2Fcategories&post=164323"},{"taxonomy":"post_tag","embeddable":true,"href":"https:\/\/theworldwidejournal.com\/index.php?rest_route=%2Fwp%2Fv2%2Ftags&post=164323"}],"curies":[{"name":"wp","href":"https:\/\/api.w.org\/{rel}","templated":true}]}}