{"id":164325,"date":"2020-10-12T13:36:13","date_gmt":"2020-10-12T11:36:13","guid":{"rendered":"https:\/\/theworldwidejournal.com\/2020\/10\/12\/kid-covid-15-minutos-para-examinar-a-tu-nino-de-coronavirus\/"},"modified":"2020-10-12T13:36:13","modified_gmt":"2020-10-12T11:36:13","slug":"kid-covid-15-minutos-para-examinar-a-tu-nino-de-coronavirus","status":"publish","type":"post","link":"https:\/\/theworldwidejournal.com\/?p=164325","title":{"rendered":"\u00abKid-Covid\u00bb: 15 minutos para examinar a tu ni\u00f1o de coronavirus"},"content":{"rendered":"<p>Quince minutos, no m\u00e1s, es el tiempo que hace falta para hacerle un examen completo, incluida la prueba PCR, a cualquier ni\u00f1o de Palma de 3 a 14 a\u00f1os en caso de que presente s\u00edntomas de coronavirus, y todo ello sin tener que ir al centro de salud ni al hospital. Ante la llegada de la temida segunda ola, que en Baleares ya retrocede, un peque\u00f1o grupo de profesionales pens\u00f3 all\u00e1 por mayo: \u00bfY qu\u00e9 hacemos cuando se abran los colegios tras el verano y lleguen el fr\u00edo, los resfriados, la tos y la fiebre de los ni\u00f1os por cualquier causa y la psicosis a la covid-19? El objetivo era poder ofrecer la mejor atenci\u00f3n sanitaria posible y que no se colapsaran, primero, los centros de salud y, en cascada, los hospitales p\u00fablicos en un curso escolar en el convivir\u00e1n gripe y COVID-19. La otra cara de la moneda era evitar a toda costa tener una plantilla de \u00abpediatras agobiados\u00bb en el momento cr\u00edtico del invierno, cuando aumenta la demanda pedi\u00e1trica de manera considerable, ha explicado a Efe la coordinadora auton\u00f3mica de Pediatr\u00eda de las Islas Baleares, Marga Ca\u00f1ellas. Para ello, la Conselleria de Salud y Consumo puso en marcha a finales de septiembre el \u00abKid Covid\u00bb, un proyecto pionero en Espa\u00f1a, asegura Ca\u00f1ellas, y posiblemente tambi\u00e9n en Europa. El \u00abKid Covid\u00bb es un espacio acondicionado, alejado de los centros de salud y hospitales. Consta de una recepci\u00f3n y tres habitaciones consecutivas, comunicadas todas ellas por una puerta. Cada una dispone del material sanitario necesario para examinar a un ni\u00f1o y practicar, si es necesario, la prueba PCR, cuyo resultado los padres conocen a las 24 horas. En cada habitaci\u00f3n hay un profesional: un t\u00e9cnico de cuidados de enfermer\u00eda, un pediatra y una o dos enfermeras, como si fuera una f\u00e1brica en la que cada operario realiza su labor; en este caso, para atender a los j\u00f3venes pacientes. El \u00abcircuito cerrado\u00bb est\u00e1 ideado para evitar cualquier contagio. Todos los profesionales llevan su equipo de protecci\u00f3n individual. Desde que el menor llega hasta que se marcha pasan 15 minutos como mucho, como viene sucediendo desde que se puso en marcha este sistema de atenci\u00f3n pedi\u00e1trica el pasado 28 de septiembre. Los pacientes son citados cada cuarto de hora. El primer centro \u00abKid Covid\u00bb se ha abierto en la cafeter\u00eda del hotel del Palacio de Congresos de Palma, cerrado temporalmente por la pandemia. Es un lugar muy soleado, cerca del mar y se instal\u00f3 all\u00ed precisamente ante el crecimiento de la pandemia en barrios pr\u00f3ximos. En total, la Conselleria ha previsto que en los momentos cr\u00edticos est\u00e9n operativos en Palma al mismo tiempo cuatro equipos \u00abKid Covid\u00bb que podr\u00e1n atender cada semana a mil ni\u00f1os, con sus pruebas PCR. De momento no es necesario porque la pandemia est\u00e1 remitiendo en las islas. La coordinadora balear de Pediatr\u00eda explica que el proceso comienza cuando se recibe la llamada del colegio porque un menor tiene s\u00edntomas. Seguidamente, la familia llama al tel\u00e9fono de Infocovid Pedi\u00e1trico o a su centro de salud y, si los profesionales lo estiman oportuno, le consiguen cita para ese mismo d\u00eda o para el d\u00eda siguiente en el \u00abKid-Covid\u00bb. De momento, ha se\u00f1alado Ca\u00f1ellas, es un proyecto que ha comenzado a funcionar en Palma, pero que podr\u00eda trasladarse a otras localidades como Inca. Ha arrancado en la capital balear por ser el lugar de mayor concentraci\u00f3n de poblaci\u00f3n escolar en esa franja de edad, 65.000 estudiantes en total, y de gran incidencia del virus. \u00abEl n\u00famero de pediatras y de enfermeros pedi\u00e1tricos es el que es, se trata de optimizar recursos y dar la mejor atenci\u00f3n\u00bb, se\u00f1ala la pediatra, que subraya que este proyecto no ser\u00eda una realidad sin el esfuerzo de coordinaci\u00f3n de centros de salud y hospitales de Mallorca, que son los que nutren de personal los \u00abKid-Covid\u00bb. \u00abCon este sistema -afirma- hemos resuelto la inquietud de los padres que, en 24 horas, sin tener que ir al centro de salud ni al hospital, saben si su hijo est\u00e1 contagiado y qu\u00e9 es lo que tienen que hacer\u00bb, detalla. La doctora Ca\u00f1ellas, con 20 a\u00f1os como pediatra, asevera que \u00abla covid-19 ha cambiado el mundo de un portazo\u00bb. \u00abHa llegado para quedarse una temporada y para que aprendamos\u00bb, desde el punto de vista sanitario, cient\u00edfico y social, pero tambi\u00e9n organizativo con ideas y proyectos nuevos como \u00e9ste. Est\u00e1 convencida de que habr\u00e1 m\u00e1s.<br \/>\nVia: <a href=\"https:\/\/www.abc.es\/familia\/padres-hijos\/abci-kid-covid-15-minutos-para-examinar-nino-coronavirus-202010121336_noticia.html\" target=\"_blank\">\u00abKid-Covid\u00bb: 15 minutos para examinar a tu ni\u00f1o de coronavirus<\/a><\/p>\n","protected":false},"excerpt":{"rendered":"<p>Quince minutos, no m\u00e1s, es el tiempo que hace falta para hacerle un examen completo, incluida la prueba PCR, a cualquier ni\u00f1o de Palma de 3 a 14 a\u00f1os en caso de que presente s\u00edntomas de coronavirus, y todo ello sin tener que ir al centro de salud ni al [&hellip;]<\/p>\n","protected":false},"author":2,"featured_media":164326,"comment_status":"open","ping_status":"closed","sticky":false,"template":"","format":"standard","meta":{"footnotes":""},"categories":[6],"tags":[],"class_list":["post-164325","post","type-post","status-publish","format-standard","has-post-thumbnail","hentry","category-spanish"],"_links":{"self":[{"href":"https:\/\/theworldwidejournal.com\/index.php?rest_route=\/wp\/v2\/posts\/164325","targetHints":{"allow":["GET"]}}],"collection":[{"href":"https:\/\/theworldwidejournal.com\/index.php?rest_route=\/wp\/v2\/posts"}],"about":[{"href":"https:\/\/theworldwidejournal.com\/index.php?rest_route=\/wp\/v2\/types\/post"}],"author":[{"embeddable":true,"href":"https:\/\/theworldwidejournal.com\/index.php?rest_route=\/wp\/v2\/users\/2"}],"replies":[{"embeddable":true,"href":"https:\/\/theworldwidejournal.com\/index.php?rest_route=%2Fwp%2Fv2%2Fcomments&post=164325"}],"version-history":[{"count":0,"href":"https:\/\/theworldwidejournal.com\/index.php?rest_route=\/wp\/v2\/posts\/164325\/revisions"}],"wp:featuredmedia":[{"embeddable":true,"href":"https:\/\/theworldwidejournal.com\/index.php?rest_route=\/wp\/v2\/media\/164326"}],"wp:attachment":[{"href":"https:\/\/theworldwidejournal.com\/index.php?rest_route=%2Fwp%2Fv2%2Fmedia&parent=164325"}],"wp:term":[{"taxonomy":"category","embeddable":true,"href":"https:\/\/theworldwidejournal.com\/index.php?rest_route=%2Fwp%2Fv2%2Fcategories&post=164325"},{"taxonomy":"post_tag","embeddable":true,"href":"https:\/\/theworldwidejournal.com\/index.php?rest_route=%2Fwp%2Fv2%2Ftags&post=164325"}],"curies":[{"name":"wp","href":"https:\/\/api.w.org\/{rel}","templated":true}]}}