{"id":164327,"date":"2020-10-12T13:15:12","date_gmt":"2020-10-12T11:15:12","guid":{"rendered":"https:\/\/theworldwidejournal.com\/2020\/10\/12\/abucheos-al-gobierno-y-vivas-al-rey-en-la-fiesta-nacional\/"},"modified":"2020-10-12T13:15:12","modified_gmt":"2020-10-12T11:15:12","slug":"abucheos-al-gobierno-y-vivas-al-rey-en-la-fiesta-nacional","status":"publish","type":"post","link":"https:\/\/theworldwidejournal.com\/?p=164327","title":{"rendered":"Abucheos al Gobierno y vivas al Rey en la Fiesta Nacional"},"content":{"rendered":"<p>Los Reyes, la Princesa de Asturias y la Infanta Sof\u00eda han presidido este lunes en el Patio de la Armer\u00eda del Palacio Real un acto, casi \u012bntimo, de la Fiesta Nacional, reducido a un formato expr\u00e9s por la pandemia en el que ha faltado hasta la cabra de La Legi\u00f3n. Al acto han asistido todos los miembros del Gobierno excepto la ministra de Exteriores, que se encuentra en Bruselas. Para el vicepresidente Pablo Iglesias, esta ha sido su primera Fiesta Nacional, pues hasta ahora se hab\u00eda negado a asistir. Y lo ha hecho con una mascarilla de la Rep\u00fablica, mientras que su pareja, la ministra Irene Montero, ha acudido vestida de morado. Tampoco han faltado los otros dos ministros de Podemos, Castells y Garz\u00f3n. La ceremonia ha transcurrido con el ruido de fondo de los gritos procedentes de la Plaza de Oriente, donde miles de personas con banderas de Espa\u00f1a han abucheado al Gobierno y han gritado \u00abVivas\u00bb al Rey y han ovacionado a la Familia Real. Tambi\u00e9n se han o\u00eddo pitidos contra el Gobierno y gritos de \u00abasesinos\u00bb, \u00abfuera\u00bb, \u00abS\u00e1nchez dimisi\u00f3n\u00bb y \u00abLibertad\u00bb. Adem\u00e1s de la presidenta de la Comunidad de Madrid, Isabel D\u00edaz Ayuso, y del alcalde de Madrid, Jos\u00e9 Luis Mart\u00ednez-Almeida, han acudido todos los presidentes auton\u00f3micos, excepto cinco: los de Catalu\u00f1a, Pais Vasco, Murcia, Baleares y Aragon. Como es habitual, han asistido el Nuncio de Su Santidad el Papa y el Arzobispo castrense. Tras el homenaje a la bandera, el Rey ha impuesto condecoraciones a militares y a una guardia civil por su participaci\u00f3n en la operaci\u00f3n Balmis, cuyo objetivo ha sido luchar contra la pandemia. Despu\u00e9s se ha rendido homenaje a los que dieron su vida por Espa\u00f1a con la solemnidad habitual. Se interpret\u00f3 \u00abLa muerte no es el final\u00bb mientras los guardias reales acercaban una corona de laurel con la bandera de Espa\u00f1a a los pies del m\u00e1stil donde se hab\u00eda izado la ense\u00f1a. Cuando termin\u00f3 el himno f\u00fanebre, se oy\u00f3 una ovaci\u00f3n procedente del exterior, y el Rey se acerc\u00f3 a depositar la corona mientras el capell\u00e1n castrense rezaba una oraci\u00f3n por quienes han dado su vida por Espa\u00f1a. Toque de oraci\u00f3n y emoci\u00f3n en un a\u00f1o con 50.000 espa\u00f1oles menos de los que deber\u00eda haber. Salvas y los siete aviones de la Patrulla \u00c1guila, volando especialmente bajo, ti\u00f1eron de rojo y amarillo el cielo azul del Patio de la Armer\u00eda. Fue entonces cuando desfilaron los poco m\u00e1s de 500 efectivos que este a\u00f1o han rendido honores en la Fiesta Nacional, con un puesto destacado para la Legi\u00f3n, en su centenario. Pero todo se ha reducido tanto que hasta la cabra de la a Legi\u00f3n se qued\u00f3 en el cuartel. Los legionarios pusieron el broche final con su espectacular forma de desfilar, pero sin un p\u00fablico que les aplaudiera ni jaleara. Adem\u00e1s de la Guardia Real, de los tres Ej\u00e9rcitos, de la Legi\u00f3n y la Guardia Civil, este a\u00f1o han desfilado como invitados, la Polic\u00eda Nacional, Protecci\u00f3n Civil y Emergencias, Polic\u00eda Municipal de Madrid y Bomberos. Todos con mascarillas y ni un solo aplauso, porque no hab\u00eda p\u00fablico para hacerlo dentro de la Plaza de la Armer\u00eda, aunque s\u00ed los han recibido cuando han salido a la calle en su retirada, y miles de personas les han ovacionado.<br \/>\nVia: <a href=\"https:\/\/www.abc.es\/espana\/abci-abucheos-gobierno-y-vivas-fiesta-nacional-202010121315_noticia.html\" target=\"_blank\">Abucheos al Gobierno y vivas al Rey en la Fiesta Nacional<\/a><\/p>\n","protected":false},"excerpt":{"rendered":"<p>Los Reyes, la Princesa de Asturias y la Infanta Sof\u00eda han presidido este lunes en el Patio de la Armer\u00eda del Palacio Real un acto, casi \u012bntimo, de la Fiesta Nacional, reducido a un formato expr\u00e9s por la pandemia en el que ha faltado hasta la cabra de La Legi\u00f3n. [&hellip;]<\/p>\n","protected":false},"author":2,"featured_media":164328,"comment_status":"open","ping_status":"closed","sticky":false,"template":"","format":"standard","meta":{"footnotes":""},"categories":[6],"tags":[],"class_list":["post-164327","post","type-post","status-publish","format-standard","has-post-thumbnail","hentry","category-spanish"],"_links":{"self":[{"href":"https:\/\/theworldwidejournal.com\/index.php?rest_route=\/wp\/v2\/posts\/164327","targetHints":{"allow":["GET"]}}],"collection":[{"href":"https:\/\/theworldwidejournal.com\/index.php?rest_route=\/wp\/v2\/posts"}],"about":[{"href":"https:\/\/theworldwidejournal.com\/index.php?rest_route=\/wp\/v2\/types\/post"}],"author":[{"embeddable":true,"href":"https:\/\/theworldwidejournal.com\/index.php?rest_route=\/wp\/v2\/users\/2"}],"replies":[{"embeddable":true,"href":"https:\/\/theworldwidejournal.com\/index.php?rest_route=%2Fwp%2Fv2%2Fcomments&post=164327"}],"version-history":[{"count":0,"href":"https:\/\/theworldwidejournal.com\/index.php?rest_route=\/wp\/v2\/posts\/164327\/revisions"}],"wp:featuredmedia":[{"embeddable":true,"href":"https:\/\/theworldwidejournal.com\/index.php?rest_route=\/wp\/v2\/media\/164328"}],"wp:attachment":[{"href":"https:\/\/theworldwidejournal.com\/index.php?rest_route=%2Fwp%2Fv2%2Fmedia&parent=164327"}],"wp:term":[{"taxonomy":"category","embeddable":true,"href":"https:\/\/theworldwidejournal.com\/index.php?rest_route=%2Fwp%2Fv2%2Fcategories&post=164327"},{"taxonomy":"post_tag","embeddable":true,"href":"https:\/\/theworldwidejournal.com\/index.php?rest_route=%2Fwp%2Fv2%2Ftags&post=164327"}],"curies":[{"name":"wp","href":"https:\/\/api.w.org\/{rel}","templated":true}]}}