{"id":164329,"date":"2020-10-12T13:14:20","date_gmt":"2020-10-12T11:14:20","guid":{"rendered":"https:\/\/theworldwidejournal.com\/2020\/10\/12\/cientos-de-coches-acuden-a-la-llamada-de-vox-en-madrid-y-se-manifiestan-contra-el-estado-de-alarma\/"},"modified":"2020-10-12T13:14:20","modified_gmt":"2020-10-12T11:14:20","slug":"cientos-de-coches-acuden-a-la-llamada-de-vox-en-madrid-y-se-manifiestan-contra-el-estado-de-alarma","status":"publish","type":"post","link":"https:\/\/theworldwidejournal.com\/?p=164329","title":{"rendered":"Cientos de coches acuden a la llamada de Vox en Madrid y se manifiestan contra el estado de alarma"},"content":{"rendered":"<p>Cientos de coches recorren el paseo de la Castellana de Madrid, convocados por Vox, para protestar contra el estado de alarma decretado por el Gobierno en la capital y en ocho municipios de la regi\u00f3n. Esta es la particular celebraci\u00f3n de la Fiesta Nacional del partido que lidera Santiago Abascal y que ha convocado a cientos de veh\u00edculos, que portan banderas espa\u00f1olas, sin que se haya comunicado a la Delegaci\u00f3n del Gobierno. No obstante, seg\u00fan han dicho fuentes de este organismo a Efe, la Delegaci\u00f3n ha desplegado un dispositivo de la Polic\u00eda Nacional para asegurar que no suceda ning\u00fan tipo de incidente. Precisamente Abascal denunciaba este lunes \u00abun estado policial ilegal ordenado por Marlaska antes de la entrada en vigor del estado de alarma\u00bb en Madrid.&lt;blockquote class=&#8221;twitter-tweet&#8221;&gt;&lt;p lang=&#8221;es&#8221; dir=&#8221;ltr&#8221;&gt;&amp;#55357;&amp;#56628; &lt;a href=&#8221;https:\/\/twitter.com\/vox_es?ref_src=twsrc%5Etfw&#8221;&gt;@vox_es&lt;\/a&gt; interpone denuncia por PREVARICACI\u00d3N por el estado policial ilegal ordenado por Marlaska antes de la entrada en vigor del estado de alarma en Madrid. &lt;br&gt;&lt;br&gt;En las calles. En los Tribunales. En las Instituciones. Siempre a vuestro lado. &lt;a href=&#8221;https:\/\/t.co\/eoO0LliKaH&#8221;&gt;https:\/\/t.co\/eoO0LliKaH&lt;\/a&gt;&lt;\/p&gt;&amp;mdash; Santiago Abascal &amp;#55356;&amp;#56810;&amp;#55356;&amp;#56824; (@Santi_ABASCAL) &lt;a href=&#8221;https:\/\/twitter.com\/Santi_ABASCAL\/status\/1315587998403223552?ref_src=twsrc%5Etfw&#8221;&gt;October 12, 2020&lt;\/a&gt;&lt;\/blockquote&gt; &lt;script async src=&#8221;https:\/\/platform.twitter.com\/widgets.js&#8221; charset=&#8221;utf-8&#8243;&gt;&lt;\/script&gt; Los coches que participan en la manifestaci\u00f3n, algunos descapotables, discurren por esta arteria de la capital, donde este lunes luce el sol y pasan bajo el puente de la calle de Juan Bravo, donde se han colgado varias pancartas, en una de las cuales, de gran tama\u00f1o, se puede leer \u00abNi tutelas, ni tu t\u00eda. Madrid es libertad y quieren hundir Madrid\u00bb. En otra pancarta tambi\u00e9n los simpatizantes de la formaci\u00f3n han escrito \u00abTu Gobierno nuestra ruina\u00bb. Seg\u00fan apunta Efe, no todos los conductores y ocupantes de los veh\u00edculos, pr\u00e1cticamente parados en la Castellana y en la calle de Serrano, llevan la mascarilla colocada, en un recorrido en donde tambi\u00e9n se escuchan gritos de \u00abGobierno dimisi\u00f3n\u00bb y vivas a Espa\u00f1a. Helic\u00f3pteros de la Polic\u00eda Nacional sobrevuelan la zona, poco antes de que la portavoz de Vox en la Asamblea de Madrid, Roc\u00edo Monasterio, ofrezca unas declaraciones a los periodistas sobre el puente de Juan Bravo, en su confluencia con la calle de Serrano, en el barrio de Salamanca. Por la acera de la derecha del paseo de la Castellana y en sentido a la plaza de Col\u00f3n tambi\u00e9n marchan decenas de personas con banderas y enarbolando banderines del partido. Adem\u00e1s, en la calle de Alcal\u00e1, entre Retiro y Cibeles, tambi\u00e9n ha sonado el himno espa\u00f1ol entre los pitados de los coches y el tremolar de las banderas ha sido una constante.<br \/>\nVia: <a href=\"https:\/\/www.abc.es\/espana\/madrid\/abci-cientos-coches-acuden-llamada-madrid-y-manifiestan-contra-estado-alarma-202010121314_noticia.html\" target=\"_blank\">Cientos de coches acuden a la llamada de Vox en Madrid y se manifiestan contra el estado de alarma<\/a><\/p>\n","protected":false},"excerpt":{"rendered":"<p>Cientos de coches recorren el paseo de la Castellana de Madrid, convocados por Vox, para protestar contra el estado de alarma decretado por el Gobierno en la capital y en ocho municipios de la regi\u00f3n. Esta es la particular celebraci\u00f3n de la Fiesta Nacional del partido que lidera Santiago Abascal [&hellip;]<\/p>\n","protected":false},"author":2,"featured_media":164330,"comment_status":"open","ping_status":"closed","sticky":false,"template":"","format":"standard","meta":{"footnotes":""},"categories":[6],"tags":[],"class_list":["post-164329","post","type-post","status-publish","format-standard","has-post-thumbnail","hentry","category-spanish"],"_links":{"self":[{"href":"https:\/\/theworldwidejournal.com\/index.php?rest_route=\/wp\/v2\/posts\/164329","targetHints":{"allow":["GET"]}}],"collection":[{"href":"https:\/\/theworldwidejournal.com\/index.php?rest_route=\/wp\/v2\/posts"}],"about":[{"href":"https:\/\/theworldwidejournal.com\/index.php?rest_route=\/wp\/v2\/types\/post"}],"author":[{"embeddable":true,"href":"https:\/\/theworldwidejournal.com\/index.php?rest_route=\/wp\/v2\/users\/2"}],"replies":[{"embeddable":true,"href":"https:\/\/theworldwidejournal.com\/index.php?rest_route=%2Fwp%2Fv2%2Fcomments&post=164329"}],"version-history":[{"count":0,"href":"https:\/\/theworldwidejournal.com\/index.php?rest_route=\/wp\/v2\/posts\/164329\/revisions"}],"wp:featuredmedia":[{"embeddable":true,"href":"https:\/\/theworldwidejournal.com\/index.php?rest_route=\/wp\/v2\/media\/164330"}],"wp:attachment":[{"href":"https:\/\/theworldwidejournal.com\/index.php?rest_route=%2Fwp%2Fv2%2Fmedia&parent=164329"}],"wp:term":[{"taxonomy":"category","embeddable":true,"href":"https:\/\/theworldwidejournal.com\/index.php?rest_route=%2Fwp%2Fv2%2Fcategories&post=164329"},{"taxonomy":"post_tag","embeddable":true,"href":"https:\/\/theworldwidejournal.com\/index.php?rest_route=%2Fwp%2Fv2%2Ftags&post=164329"}],"curies":[{"name":"wp","href":"https:\/\/api.w.org\/{rel}","templated":true}]}}