{"id":164364,"date":"2020-10-12T23:57:12","date_gmt":"2020-10-12T21:57:12","guid":{"rendered":"https:\/\/theworldwidejournal.com\/2020\/10\/12\/fdp-fordert-nationalen-gedenktag-fur-die-opfer-des-nsu\/"},"modified":"2020-10-12T23:57:12","modified_gmt":"2020-10-12T21:57:12","slug":"fdp-fordert-nationalen-gedenktag-fur-die-opfer-des-nsu","status":"publish","type":"post","link":"https:\/\/theworldwidejournal.com\/?p=164364","title":{"rendered":"FDP fordert nationalen Gedenktag f\u00fcr die Opfer des NSU"},"content":{"rendered":"<p>Die FDP will einen Gedenktag f\u00fcr die Opfer des NSU einf\u00fchren. Das Datum soll in Absprache mit den Familien der Ermordeten festgelegt werden.<br \/>\nVia: <a href=\"https:\/\/www.tagesspiegel.de\/politik\/erinnern-an-das-versagen-des-rechtsstaats-fdp-fordert-nationalen-gedenktag-fuer-die-opfer-des-nsu\/26267418.html\" target=\"_blank\">FDP fordert nationalen Gedenktag f\u00fcr die Opfer des NSU<\/a><\/p>\n","protected":false},"excerpt":{"rendered":"<p>Die FDP will einen Gedenktag f\u00fcr die Opfer des NSU einf\u00fchren. Das Datum soll in Absprache mit den Familien der Ermordeten festgelegt werden. Via: FDP fordert nationalen Gedenktag f\u00fcr die Opfer des NSU<\/p>\n","protected":false},"author":2,"featured_media":164365,"comment_status":"open","ping_status":"closed","sticky":false,"template":"","format":"standard","meta":{"footnotes":""},"categories":[5],"tags":[],"class_list":["post-164364","post","type-post","status-publish","format-standard","has-post-thumbnail","hentry","category-german"],"_links":{"self":[{"href":"https:\/\/theworldwidejournal.com\/index.php?rest_route=\/wp\/v2\/posts\/164364","targetHints":{"allow":["GET"]}}],"collection":[{"href":"https:\/\/theworldwidejournal.com\/index.php?rest_route=\/wp\/v2\/posts"}],"about":[{"href":"https:\/\/theworldwidejournal.com\/index.php?rest_route=\/wp\/v2\/types\/post"}],"author":[{"embeddable":true,"href":"https:\/\/theworldwidejournal.com\/index.php?rest_route=\/wp\/v2\/users\/2"}],"replies":[{"embeddable":true,"href":"https:\/\/theworldwidejournal.com\/index.php?rest_route=%2Fwp%2Fv2%2Fcomments&post=164364"}],"version-history":[{"count":0,"href":"https:\/\/theworldwidejournal.com\/index.php?rest_route=\/wp\/v2\/posts\/164364\/revisions"}],"wp:featuredmedia":[{"embeddable":true,"href":"https:\/\/theworldwidejournal.com\/index.php?rest_route=\/wp\/v2\/media\/164365"}],"wp:attachment":[{"href":"https:\/\/theworldwidejournal.com\/index.php?rest_route=%2Fwp%2Fv2%2Fmedia&parent=164364"}],"wp:term":[{"taxonomy":"category","embeddable":true,"href":"https:\/\/theworldwidejournal.com\/index.php?rest_route=%2Fwp%2Fv2%2Fcategories&post=164364"},{"taxonomy":"post_tag","embeddable":true,"href":"https:\/\/theworldwidejournal.com\/index.php?rest_route=%2Fwp%2Fv2%2Ftags&post=164364"}],"curies":[{"name":"wp","href":"https:\/\/api.w.org\/{rel}","templated":true}]}}