{"id":164394,"date":"2020-10-13T01:57:15","date_gmt":"2020-10-12T23:57:15","guid":{"rendered":"https:\/\/theworldwidejournal.com\/2020\/10\/13\/nunca-mas-volvere-a-callarme-ante-las-amenazas-de-los-radicales\/"},"modified":"2020-10-13T01:57:15","modified_gmt":"2020-10-12T23:57:15","slug":"nunca-mas-volvere-a-callarme-ante-las-amenazas-de-los-radicales","status":"publish","type":"post","link":"https:\/\/theworldwidejournal.com\/?p=164394","title":{"rendered":"\u00abNunca m\u00e1s volver\u00e9 a callarme ante las amenazas de los radicales\u00bb"},"content":{"rendered":"<p>\u00bfSe imaginan que su hijo, nieto o hermano en alg\u00fan momento tenga miedo de manifestar que su color favorito es el rojo porque se ha impuesto que el color correcto es el amarillo? Esto es tan absurdo como que alguien tenga miedo a decir que no es independentista en una universidad catalana, o por lo menos deber\u00eda serlo. En septiembre de 2016 empezaba mi etapa universitaria, en un campus en el que al llegar se ve un mural enorme que reza \u00abIndependencia, socialismo y feminismo\u00bb. Recuerdo perfectamente una tarde de viernes en el bar, con los compa\u00f1eros, hablando sobre las \u00faltimas elecciones (es totalmente esperable cuando estudias Derecho y Ciencias Pol\u00edticas), todos comentaban su militancia pol\u00edtica, su experiencia como apoderado y los pr\u00f3ximos actos que estaban organizando. Yo, ese d\u00eda, prefer\u00ed callar, pero me promet\u00ed a m\u00ed misma que no volver\u00eda a hacerlo, porque no hay nada m\u00e1s preciado que la libertad, y esta solo se conquista ejerci\u00e9ndola. Desde ese instante me impliqu\u00e9 muy activamente en el constitucionalismo joven, hasta llegar a presidir actualmente la entidad constitucionalista joven referente en Catalu\u00f1a, S&#8217;ha Acabat! Por supuesto, esto ha llevado a vivir muchas situaciones complicadas, pero otros momentos han sido realmente gratificantes. Debo confesar que, si volviese a empezar, ahora, no cambiar\u00eda ni un solo momento. Hemos vivido en primera persona como el separatismo trata de deshumanizar al disidente, nos han llamado fascistas, han hecho pintadas se\u00f1alando a nuestro colectivo, hemos recibido amenazas, nos han lanzado todo tipo de objetos (huevos, latas, bombas f\u00e9tidas e, incluso, excrementos), nos han rodeado, robado y roto material en una carpa informativa en la que todo lo que hac\u00edamos era publicitar un acto. Todo esto, adem\u00e1s, viendo como las llamadas al 112 eran ignoradas, como la Polic\u00eda no acud\u00eda a socorrernos y como las condenas de la universidad eran, como poco, equidistantes. Recuerdo perfectamente como, a ra\u00edz de una carpa que \u00edbamos a realizar, una compa\u00f1era de clase envi\u00f3 al grupo del chat la convocatoria del escrache que \u00edbamos a sufrir por el grupo de clase, como ya hab\u00eda hecho en otras ocasiones. El mensaje siempre empezaba con un \u00abAlerta Ultra\u00bb. En esta ocasi\u00f3n, decid\u00ed contestar con argumentos. Y la respuesta que recib\u00ed fue, simplemente, que me marchase del grupo de clase. El 11 de abril de 2019, S&#8217;ha Acabat! hizo su primer acto en la Universidad Aut\u00f3noma de Barcelona (UAB) al que asist\u00edan como ponentes Maite \u00abPagaza\u00bb, Alejandro Fern\u00e1ndez y Rafael Arenas. Ese d\u00eda, para acceder a la sala del evento, tuvimos que romper un cord\u00f3n de personas que nos imped\u00edan el acceso. Ese d\u00eda tuvimos que ver a compa\u00f1eros de clase, de los que sab\u00edamos perfectamente su nombre, nos mirasen con cara de odio y gritando, a escasos cent\u00edmetros de nosotros: \u00ab\u00a1Fascistas, no pasar\u00e9is!\u00bb. Nos empujaban para que no pudi\u00e9semos acceder. Es imposible olvidar los d\u00edas antes y los d\u00edas de despu\u00e9s de cualquier acto en la UAB. Los tuyos te dicen \u00abve con cuidado\u00bb y entonces decides aparcar el coche m\u00e1s lejos de lo habitual. Pero mientras vas a clase, ves como por los pasillos recibes alguna mirada de odio. Lo confieso: esos d\u00edas me pongo los auriculares al salir del coche y no me los quito hasta entrar por la puerta de la clase, pues a palabras necias, o\u00eddos sordos (en este caso literalmente). Como dec\u00eda, a un a\u00f1o de acabar mi formaci\u00f3n universitaria, no cambiar\u00eda ni un solo instante de los vividos hasta el momento, porque estoy convencida de que defender los valores en los que uno cree, hacerlo con firmeza y sin ceder un solo mil\u00edmetro, ser\u00e1 de las cosas m\u00e1s reconfortantes que habr\u00e9 hecho a lo largo de mi vida. Es realmente gratificante ver que gente de distintos puntos de Espa\u00f1a, e incluso del mundo, conf\u00eda en nosotros, en S&#8217;ha Acabat!, para hacer de nuestra tierra un lugar un poquito m\u00e1s libre. Porque nuestra democracia no nos perdonar\u00eda haber callado m\u00e1s viernes de septiembre, ni haber dejado pasar m\u00e1s \u00abAlertas Ultras\u00bb de los agresores sin contestar. Seguimos.<br \/>\nVia: <a href=\"https:\/\/www.abc.es\/espana\/catalunya\/politica\/abci-nunca-mas-volvere-callarme-ante-amenazas-radicales-202010130157_noticia.html\" target=\"_blank\">\u00abNunca m\u00e1s volver\u00e9 a callarme ante las amenazas de los radicales\u00bb<\/a><\/p>\n","protected":false},"excerpt":{"rendered":"<p>\u00bfSe imaginan que su hijo, nieto o hermano en alg\u00fan momento tenga miedo de manifestar que su color favorito es el rojo porque se ha impuesto que el color correcto es el amarillo? Esto es tan absurdo como que alguien tenga miedo a decir que no es independentista en una [&hellip;]<\/p>\n","protected":false},"author":2,"featured_media":164395,"comment_status":"open","ping_status":"closed","sticky":false,"template":"","format":"standard","meta":{"footnotes":""},"categories":[6],"tags":[],"class_list":["post-164394","post","type-post","status-publish","format-standard","has-post-thumbnail","hentry","category-spanish"],"_links":{"self":[{"href":"https:\/\/theworldwidejournal.com\/index.php?rest_route=\/wp\/v2\/posts\/164394","targetHints":{"allow":["GET"]}}],"collection":[{"href":"https:\/\/theworldwidejournal.com\/index.php?rest_route=\/wp\/v2\/posts"}],"about":[{"href":"https:\/\/theworldwidejournal.com\/index.php?rest_route=\/wp\/v2\/types\/post"}],"author":[{"embeddable":true,"href":"https:\/\/theworldwidejournal.com\/index.php?rest_route=\/wp\/v2\/users\/2"}],"replies":[{"embeddable":true,"href":"https:\/\/theworldwidejournal.com\/index.php?rest_route=%2Fwp%2Fv2%2Fcomments&post=164394"}],"version-history":[{"count":0,"href":"https:\/\/theworldwidejournal.com\/index.php?rest_route=\/wp\/v2\/posts\/164394\/revisions"}],"wp:featuredmedia":[{"embeddable":true,"href":"https:\/\/theworldwidejournal.com\/index.php?rest_route=\/wp\/v2\/media\/164395"}],"wp:attachment":[{"href":"https:\/\/theworldwidejournal.com\/index.php?rest_route=%2Fwp%2Fv2%2Fmedia&parent=164394"}],"wp:term":[{"taxonomy":"category","embeddable":true,"href":"https:\/\/theworldwidejournal.com\/index.php?rest_route=%2Fwp%2Fv2%2Fcategories&post=164394"},{"taxonomy":"post_tag","embeddable":true,"href":"https:\/\/theworldwidejournal.com\/index.php?rest_route=%2Fwp%2Fv2%2Ftags&post=164394"}],"curies":[{"name":"wp","href":"https:\/\/api.w.org\/{rel}","templated":true}]}}