{"id":164396,"date":"2020-10-13T01:56:55","date_gmt":"2020-10-12T23:56:55","guid":{"rendered":"https:\/\/theworldwidejournal.com\/2020\/10\/13\/los-barones-del-pp-arropan-a-ayuso-durante-la-celebracion-de-la-fiesta-nacional\/"},"modified":"2020-10-13T01:56:55","modified_gmt":"2020-10-12T23:56:55","slug":"los-barones-del-pp-arropan-a-ayuso-durante-la-celebracion-de-la-fiesta-nacional","status":"publish","type":"post","link":"https:\/\/theworldwidejournal.com\/?p=164396","title":{"rendered":"Los barones del PP arropan a Ayuso durante la celebraci\u00f3n de la Fiesta Nacional"},"content":{"rendered":"<p>Los dirigentes del PP que acudieron a la celebraci\u00f3n de la Fiesta Nacional, en el Patio de la Armer\u00eda del Palacio Real, aprovecharon para arropar a Isabel D\u00edaz Ayuso y mostrarle su aliento en este momento complicado que atraviesa la Comunidad de Madrid, en estado de alarma por el decreto aprobado en el Consejo de Ministros. La \u00abdelegaci\u00f3n\u00bb del PP en la Fiesta Nacional estuvo presidida por Pablo Casado, que asisti\u00f3 al acto militar junto a la portavoz socialista en el Congreso, Adriana Lastra. El ambiente fue cordial, a pesar de los encontronazos que han protagonizado ambos en el Parlamento. Casado no tuvo ocasi\u00f3n de cruzar ni una palabra con Pedro S\u00e1nchez, seg\u00fan fuentes populares. Ni uno ni otro hicieron por encontrarse para charlas ni siquiera cuando el ambiente fue m\u00e1s relajado, al final del acto militar. Tambi\u00e9n acudieron los barones del PP Alberto N\u00fa\u00f1ez Feij\u00f3 o, Alfonso Fern\u00e1ndez Ma\u00f1ueco, Juanma Moreno e Isabel D\u00edaz Ayuso, as\u00ed como los portavoces en el Congreso y en el Senado, Cuca Gamarra y Javier Maroto. Todos ellos fueron los \u00faltimos en marcharse de la Plaza de la Armer\u00eda, y todos arroparon a Ayuso, a quien expresaron as\u00ed su apoyo. Fuentes populares que estuvieron presentes en ese \u00abcorrillo\u00bb destacaron la \u00abfuerza\u00bb de la presidenta de la Comunidad de Madrid.<br \/>\nVia: <a href=\"https:\/\/www.abc.es\/espana\/abci-barones-pp-arropan-ayuso-durante-celebracion-fiesta-nacional-202010130156_noticia.html\" target=\"_blank\">Los barones del PP arropan a Ayuso durante la celebraci\u00f3n de la Fiesta Nacional<\/a><\/p>\n","protected":false},"excerpt":{"rendered":"<p>Los dirigentes del PP que acudieron a la celebraci\u00f3n de la Fiesta Nacional, en el Patio de la Armer\u00eda del Palacio Real, aprovecharon para arropar a Isabel D\u00edaz Ayuso y mostrarle su aliento en este momento complicado que atraviesa la Comunidad de Madrid, en estado de alarma por el decreto [&hellip;]<\/p>\n","protected":false},"author":2,"featured_media":164397,"comment_status":"open","ping_status":"closed","sticky":false,"template":"","format":"standard","meta":{"footnotes":""},"categories":[6],"tags":[],"class_list":["post-164396","post","type-post","status-publish","format-standard","has-post-thumbnail","hentry","category-spanish"],"_links":{"self":[{"href":"https:\/\/theworldwidejournal.com\/index.php?rest_route=\/wp\/v2\/posts\/164396","targetHints":{"allow":["GET"]}}],"collection":[{"href":"https:\/\/theworldwidejournal.com\/index.php?rest_route=\/wp\/v2\/posts"}],"about":[{"href":"https:\/\/theworldwidejournal.com\/index.php?rest_route=\/wp\/v2\/types\/post"}],"author":[{"embeddable":true,"href":"https:\/\/theworldwidejournal.com\/index.php?rest_route=\/wp\/v2\/users\/2"}],"replies":[{"embeddable":true,"href":"https:\/\/theworldwidejournal.com\/index.php?rest_route=%2Fwp%2Fv2%2Fcomments&post=164396"}],"version-history":[{"count":0,"href":"https:\/\/theworldwidejournal.com\/index.php?rest_route=\/wp\/v2\/posts\/164396\/revisions"}],"wp:featuredmedia":[{"embeddable":true,"href":"https:\/\/theworldwidejournal.com\/index.php?rest_route=\/wp\/v2\/media\/164397"}],"wp:attachment":[{"href":"https:\/\/theworldwidejournal.com\/index.php?rest_route=%2Fwp%2Fv2%2Fmedia&parent=164396"}],"wp:term":[{"taxonomy":"category","embeddable":true,"href":"https:\/\/theworldwidejournal.com\/index.php?rest_route=%2Fwp%2Fv2%2Fcategories&post=164396"},{"taxonomy":"post_tag","embeddable":true,"href":"https:\/\/theworldwidejournal.com\/index.php?rest_route=%2Fwp%2Fv2%2Ftags&post=164396"}],"curies":[{"name":"wp","href":"https:\/\/api.w.org\/{rel}","templated":true}]}}