{"id":164398,"date":"2020-10-13T01:56:25","date_gmt":"2020-10-12T23:56:25","guid":{"rendered":"https:\/\/theworldwidejournal.com\/2020\/10\/13\/1980-el-ano-que-el-terrorismo-puso-la-democracia-literalmente-al-borde-del-abismo\/"},"modified":"2020-10-13T01:56:25","modified_gmt":"2020-10-12T23:56:25","slug":"1980-el-ano-que-el-terrorismo-puso-la-democracia-literalmente-al-borde-del-abismo","status":"publish","type":"post","link":"https:\/\/theworldwidejournal.com\/?p=164398","title":{"rendered":"1980, el a\u00f1o que \u00abel terrorismo puso la democracia literalmente al borde del abismo\u00bb"},"content":{"rendered":"<p>La voladura calculada de la memoria, esa que hoy permite que el Gobierno de Pedro S\u00e1nchez se entienda de t\u00fa a t\u00fa con lo que queda de ETA ante la indiferencia generalizada -cuando no abiertas complicidades-, hace doblemente imprescindible \u00ab1980. El terrorismo contra la Transici\u00f3n\u00bb (Editorial Tecnos), un t\u00edtulo que documenta hasta qu\u00e9 punto la industria de la violencia pol\u00edtica estuvo cerca de hacer naufragar la Espa\u00f1a constitucional. \u00abFue el peor a\u00f1o para la democracia, estuvo al borde del abismo literalmente. Toda la tensi\u00f3n estall\u00f3 en febrero del 81\u00bb, resume en referencia al golpe de Estado Gaizka Fern\u00e1ndez, coordinador junto a Mar\u00eda Jim\u00e9nez de este libro que ha tenido el apoyo del Centro Memorial de las V\u00edctimas del Terrorismo. En \u00e9l, una quincena de firmas, la mitad mujeres, abordan desde \u00f3pticas in\u00e9ditas ese periodo despiadado en el que la realidad se saldaba con un muerto cada 2,7 d\u00edas. Portada del libro No solo la sa\u00f1a del nacionalismo asesino etarra, sino la embestida de bandas de extrema izquierda que ansiaban una revoluci\u00f3n, de las de ultra derecha o parapoliciales que buscaban una involuci\u00f3n, incluso el terrorismo internacional, sacudieron aquella Espa\u00f1a inmersa en una \u00abcrisis brutal\u00bb -paro, delincuencia, drogas, Adolfo Su\u00e1rez en entredicho- que parec\u00eda descomponerse entre el silencio y el encogimiento social. No hubo una Transici\u00f3n id\u00edlica. Por eso, la disecci\u00f3n de este a\u00f1o insoportable no es solo la de los doce meses en los que el terror hizo correr m\u00e1s sangre que nunca hasta el 11-M (395 atentados, 132 v\u00edctimas mortales, 100 heridos y 20 secuestros registrados) sino la de un intervalo sobrecogedor por la cantidad de claves y anticipaciones que acumula. No s\u00f3lo los uniformados eran el objetivo. La violencia tambi\u00e9n masacr\u00f3 estructuras sociales y pol\u00edticas en un af\u00e1n por limpiar el Pa\u00eds Vasco de constitucionalismo cuyas consecuencias llegan hasta hoy. \u00abHab\u00eda dos enemigos de la democracia creciendo: el terror y el golpismo, el primero empuj\u00f3 al segundo. En ese momento de la Transici\u00f3n se anticipa ya que las Fuerzas y Cuerpos de Seguridad del Estado van a estar superadas y sin medios para acabar con el terrorismo; las v\u00edctimas abandonadas, lastradas por la connotaci\u00f3n franquista del &#8220;algo habr\u00e1n hecho&#8221;&#8230; la legislaci\u00f3n que les reconoce no llega hasta 2008. Socialmente, desde luego se mir\u00f3 para otro lado, Francia no colaboraba, los cr\u00edmenes no se investigaban&#8230; est\u00e1n muchos sin resolver\u00bb, enumera el coordinador. Uno de ellos es el de Jos\u00e9 Ignacio Ustar\u00e1n, que se hab\u00eda presentado a las elecciones generales de 1979 en \u00c1lava por el partido del Gobierno, la UCD, que qued\u00f3 como primera fuerza (25,4%), al igual que en 1977 (30,82% de los votos). ETA le tortur\u00f3 y asesin\u00f3 a tiros un 29 de septiembre, cumpli\u00e9ndose ahora cuatro d\u00e9cadas. El libro repasa el a\u00f1o de esa ejecuci\u00f3n e incide en lo eficaz de ir de lo particular a lo general, en que la comprensi\u00f3n de la historia de una p\u00e9rdida ayuda a aproximarse a la dimensi\u00f3n c\u00f3smica de la tragedia colectiva. \u00ab1980\u00bb est\u00e1 recorrido por la devastaci\u00f3n de v\u00edctimas con nombres y apellidos. Otegui debe saberlo Y el asesinato de Ustar\u00e1n condensa mucho de lo que hay que saber sobre ese tiempo de terror. Su familia, que estaba junto a \u00e9l cuando tres pistoleros irrumpieron en su casa de Vitoria y se lo llevaron enca\u00f1onado, sigue sin que la justicia haya despejado qui\u00e9n fue el autor. Vieron la cara a los delincuentes, nadie les llam\u00f3 nunca para una rueda de reconocimiento, y la investigaci\u00f3n se archiv\u00f3 en 1983. ETApm reivindic\u00f3 el crimen y la viuda de Ustar\u00e1n -que era concejal, y trat\u00f3 en vano de que se la llevaran a ella en la creencia de que como mujer no la matar\u00edan- entiende que Arnaldo Otegui, que entonces militaba en la banda, debe saberlo todo. Nada se ha hecho por averiguarlo. \u00abFueron minando la moral de la gente, el temor era tremendo&#8230; nadie quer\u00eda presentarse\u00bb La recuperaci\u00f3n del sumario hace a\u00f1o y medio -narra su hijo Jos\u00e9 Ignacio- revela la pobreza de las pesquisas que se realizaron. \u00abQue fueron a\u00f1os complicados, s\u00ed&#8230; pero no hay excusa\u00bb, lamenta. En el entierro oy\u00f3 insultos a su padre. En quince d\u00edas a \u00e9l y sus hermanas ya les hab\u00edan sacado de all\u00ed, a Sevilla, donde se fueron a vivir para no volver m\u00e1s. \u00abPasamos de la oscuridad a luz\u00bb, resume. El exilio que marc\u00f3 una era. Al margen, con la liquidaci\u00f3n de Ustar\u00e1n, el terrorismo firmaba el sexto ataque desde 1977 contra militantes y simpatizantes de la UCD, un pelda\u00f1o m\u00e1s en la campa\u00f1a de erosi\u00f3n que terminar\u00eda expulsando pr\u00e1cticamente a las opciones de centro derecha no nacionalista del Pa\u00eds Vasco y, a la postre, desfigurando la representaci\u00f3n pol\u00edtica de todas ellas para siempre. La UCD hegem\u00f3nica en \u00c1lava tuvo tantas dificultades para configurar unas listas en 1982 que hubo de confluir con AP. \u00abFueron minando la moral de la gente, el temor era tremendo&#8230; nadie quer\u00eda presentarse\u00bb, rememora el hijo. A la sinraz\u00f3n de este crimen se atribuye la fractura de ETApm con ETAm, que acabar\u00eda disolvi\u00e9ndose en 1982.<br \/>\nVia: <a href=\"https:\/\/www.abc.es\/espana\/abci-1980-terrorismo-puso-democracia-literalmente-borde-abismo-202010130156_noticia.html\" target=\"_blank\">1980, el a\u00f1o que \u00abel terrorismo puso la democracia literalmente al borde del abismo\u00bb<\/a><\/p>\n","protected":false},"excerpt":{"rendered":"<p>La voladura calculada de la memoria, esa que hoy permite que el Gobierno de Pedro S\u00e1nchez se entienda de t\u00fa a t\u00fa con lo que queda de ETA ante la indiferencia generalizada -cuando no abiertas complicidades-, hace doblemente imprescindible \u00ab1980. El terrorismo contra la Transici\u00f3n\u00bb (Editorial Tecnos), un t\u00edtulo que [&hellip;]<\/p>\n","protected":false},"author":2,"featured_media":164399,"comment_status":"open","ping_status":"closed","sticky":false,"template":"","format":"standard","meta":{"footnotes":""},"categories":[6],"tags":[],"class_list":["post-164398","post","type-post","status-publish","format-standard","has-post-thumbnail","hentry","category-spanish"],"_links":{"self":[{"href":"https:\/\/theworldwidejournal.com\/index.php?rest_route=\/wp\/v2\/posts\/164398","targetHints":{"allow":["GET"]}}],"collection":[{"href":"https:\/\/theworldwidejournal.com\/index.php?rest_route=\/wp\/v2\/posts"}],"about":[{"href":"https:\/\/theworldwidejournal.com\/index.php?rest_route=\/wp\/v2\/types\/post"}],"author":[{"embeddable":true,"href":"https:\/\/theworldwidejournal.com\/index.php?rest_route=\/wp\/v2\/users\/2"}],"replies":[{"embeddable":true,"href":"https:\/\/theworldwidejournal.com\/index.php?rest_route=%2Fwp%2Fv2%2Fcomments&post=164398"}],"version-history":[{"count":0,"href":"https:\/\/theworldwidejournal.com\/index.php?rest_route=\/wp\/v2\/posts\/164398\/revisions"}],"wp:featuredmedia":[{"embeddable":true,"href":"https:\/\/theworldwidejournal.com\/index.php?rest_route=\/wp\/v2\/media\/164399"}],"wp:attachment":[{"href":"https:\/\/theworldwidejournal.com\/index.php?rest_route=%2Fwp%2Fv2%2Fmedia&parent=164398"}],"wp:term":[{"taxonomy":"category","embeddable":true,"href":"https:\/\/theworldwidejournal.com\/index.php?rest_route=%2Fwp%2Fv2%2Fcategories&post=164398"},{"taxonomy":"post_tag","embeddable":true,"href":"https:\/\/theworldwidejournal.com\/index.php?rest_route=%2Fwp%2Fv2%2Ftags&post=164398"}],"curies":[{"name":"wp","href":"https:\/\/api.w.org\/{rel}","templated":true}]}}