{"id":164460,"date":"2020-10-13T14:30:05","date_gmt":"2020-10-13T12:30:05","guid":{"rendered":"https:\/\/theworldwidejournal.com\/2020\/10\/13\/espana-se-queda-sola-como-la-peor-economia-desarrollada-en-2020-segun-el-fmi\/"},"modified":"2020-10-13T14:30:05","modified_gmt":"2020-10-13T12:30:05","slug":"espana-se-queda-sola-como-la-peor-economia-desarrollada-en-2020-segun-el-fmi","status":"publish","type":"post","link":"https:\/\/theworldwidejournal.com\/?p=164460","title":{"rendered":"Espa\u00f1a se queda sola como la peor econom\u00eda desarrollada en 2020, seg\u00fan el FMI"},"content":{"rendered":"<p>Tras los fuegos artificiales de la semana pasada por la presentaci\u00f3n del plan de recuperaci\u00f3n a cargo del presidente del Gobierno, Pedro S\u00e1nchez, ahora llega el golpe de realidad. Espa\u00f1a se queda sola como la peor econom\u00eda desarrollada en 2020 ante los rebrotes del tercer trimestre y la aton\u00eda de la actividad. As\u00ed lo constata el Fondo Monetario Internacional (FMI) en su actualizaci\u00f3n de proyecciones de octubre. La instituci\u00f3n toma nota del repunte de casos en nuestro pa\u00eds y mantiene intacta su previsi\u00f3n de desplome respecto a junio: 12,8%. En cambio, revisa al alza en 0,9 puntos porcentuales la de 2021 con un crecimiento del 7,2%, y tomando ya en consideraci\u00f3n los efectos positivos de la llegada de los fondos europeos. Sin el contexto del resto de pa\u00edses, estas estimaciones no dejan en tan mal lugar a Espa\u00f1a. En cambio, en comparaci\u00f3n al resto de econom\u00edas avanzadas no hay color ya que para los dem\u00e1s s\u00ed se prev\u00e9 cierto avance. Frente a junio, este grupo de pa\u00edses mejora en 2,3 puntos este a\u00f1o la previsi\u00f3n de ca\u00edda hasta el 5,8%, aunque la empeora en 0,9 puntos para 2021 hasta el 5,9%. Yendo al detalle de nuestros pares europeos, el FMI prev\u00e9 que la brecha se agrande. A cierre del primer semestre Espa\u00f1a (-12,8%), Italia (-12,8%) y Francia (-12,5%) viv\u00edan casi id\u00e9ntico futuro desolador para el conjunto del ejercicio. Ahora, la instituci\u00f3n ha revisado al alza sus proyecciones para estos dos \u00faltimos territorios hasta el 10,6% y 9,8%, respectivamente. Nuestro pa\u00eds es el campe\u00f3n en el golpe del Covid. Muy lejos de la ca\u00edda del 6% prevista para Alemania o del 5,4% para Pa\u00edses Bajos. En t\u00e9rminos trimestrales, mirando la estimaci\u00f3n para octubre-dicimbre, Espa\u00f1a tampoco sale nada bien parada. El desplome interanual en ese periodo ser\u00eda del 10,8%, frente al 8% de Italia, el 6,7% de Francia y el 5,2% de Alemania. El FMI augura que el paro escale este a\u00f1o hasta el 16,8% y se mantenga en id\u00e9ntica cifra en 2021 Con respecto al mercado laboral, la organizaci\u00f3n internacional augura que el paro escalar\u00e1 este a\u00f1o hasta el 16,8%&#8230; aunque lo m\u00e1s preocupante radica en que no se espera ninguna mejor\u00eda en 2021. La instituci\u00f3n da la misma cifra para este a\u00f1o y el siguiente, siendo la cifra de desempleo espa\u00f1ola la m\u00e1s elevada de las econom\u00edas desarrolladas solo por detr\u00e1s de Grecia (19,9%). Estos datos desvelados hoy por el FMI contrastan con lo que espera el Gobierno para este a\u00f1o. Nadia Calvi\u00f1o comunic\u00f3 la semana pasada que el Ejecutivo ahonda su previsi\u00f3n de hundimiento del PIB este ejercicio desde el 9,2% que se pensaba en abril hasta el 11,2%. Sigue siendo considerablemente menor, pero ya se acerca m\u00e1s a lo proyectado por la instituci\u00f3n internacional. Para 2021 tanto el Gobierno como el FMI auguran un rebote id\u00e9ntico, del 7,2%, aunque en el caso de las estad\u00edsticas del Ministerio de Econom\u00eda no se ha tenido en cuenta el impacto al alza de los fondos europeos. Y casi lo mismo ocurre en relaci\u00f3n al desempleo, por debajo del 17% en 2020 y del 16,9% en 2021, frente al 16,8% en ambos a\u00f1os de la organizaci\u00f3n dirigida por Kristalina Georgieva. Golpe a nivel global Asimismo, el FMI calcula que la econom\u00eda global se hundir\u00e1 un 4,4% (ocho d\u00e9cimas menos que la estimaci\u00f3n de junio) en 2020 y que repuntar\u00e1 un 5,2% (dos d\u00e9cimas inferior a junio) en 2021. \u00abLa revisi\u00f3n refleja unos resultados del PIB del segundo trimestre mejores de lo anticipado, principalmente en las econom\u00edas avanzadas, donde la actividad comenz\u00f3 a mejorar antes de lo esperado despu\u00e9s de que se redujeran los confinamientos en mayo y junio, as\u00ed como por los indicadores de una mayor recuperaci\u00f3n en el tercer trimestre\u00bb, reza el documento. Espa\u00f1a, en este caso, es la gran excepci\u00f3n. \u00abLa pandemia revertir\u00e1 los avances realizados desde la d\u00e9cada de 1990 en la reducci\u00f3n de la pobreza y aumentar\u00e1 la desigualdad\u00bb, explica el FMI en t\u00e9rminos generales, al tiempo que destaca que tiene asumido que las econom\u00edas \u00abexperimentar\u00e1n cicatrices\u00bb con efectos persistentes sobre la producci\u00f3n potencial y que provocan la urgencia de acometer cambios estructurales. Para el FMI, la incertidumbre contin\u00faa siendo muy elevada debido a los riesgos de rebrotes, la posibilidad de que la vacuna se retrase m\u00e1s all\u00e1 de 2021 y que se desvanezcan las medidas fiscales puestas en marcha por los pa\u00edses. \u00abEl riesgo de peores resultados de crecimiento que lo proyectado permanece considerable. Si el virus resurgiera, el avance sobre tratamientos y vacunas fuera m\u00e1s lento de lo previsto o el acceso de los pa\u00edses a ello siguiera siendo desigual, la actividad econ\u00f3mica podr\u00eda ser menor de lo esperado, con un distanciamiento social renovado y encierros m\u00e1s estrictos\u00bb, se\u00f1ala. Todo ello, adem\u00e1s, sin perder de vista que las previsibles quiebras empresariales que se esperan en el corto plazo pueden suponer un freno m\u00e1s para la reducci\u00f3n del paro. Y pone especial foco en la vulnerabilidad de las pymes.<br \/>\nVia: <a href=\"https:\/\/www.abc.es\/economia\/abci-espana-queda-sola-como-peor-economia-desarrollada-2020-segun-202010131430_noticia.html\" target=\"_blank\">Espa\u00f1a se queda sola como la peor econom\u00eda desarrollada en 2020, seg\u00fan el FMI<\/a><\/p>\n","protected":false},"excerpt":{"rendered":"<p>Tras los fuegos artificiales de la semana pasada por la presentaci\u00f3n del plan de recuperaci\u00f3n a cargo del presidente del Gobierno, Pedro S\u00e1nchez, ahora llega el golpe de realidad. Espa\u00f1a se queda sola como la peor econom\u00eda desarrollada en 2020 ante los rebrotes del tercer trimestre y la aton\u00eda de [&hellip;]<\/p>\n","protected":false},"author":2,"featured_media":164461,"comment_status":"open","ping_status":"closed","sticky":false,"template":"","format":"standard","meta":{"footnotes":""},"categories":[6],"tags":[],"class_list":["post-164460","post","type-post","status-publish","format-standard","has-post-thumbnail","hentry","category-spanish"],"_links":{"self":[{"href":"https:\/\/theworldwidejournal.com\/index.php?rest_route=\/wp\/v2\/posts\/164460","targetHints":{"allow":["GET"]}}],"collection":[{"href":"https:\/\/theworldwidejournal.com\/index.php?rest_route=\/wp\/v2\/posts"}],"about":[{"href":"https:\/\/theworldwidejournal.com\/index.php?rest_route=\/wp\/v2\/types\/post"}],"author":[{"embeddable":true,"href":"https:\/\/theworldwidejournal.com\/index.php?rest_route=\/wp\/v2\/users\/2"}],"replies":[{"embeddable":true,"href":"https:\/\/theworldwidejournal.com\/index.php?rest_route=%2Fwp%2Fv2%2Fcomments&post=164460"}],"version-history":[{"count":0,"href":"https:\/\/theworldwidejournal.com\/index.php?rest_route=\/wp\/v2\/posts\/164460\/revisions"}],"wp:featuredmedia":[{"embeddable":true,"href":"https:\/\/theworldwidejournal.com\/index.php?rest_route=\/wp\/v2\/media\/164461"}],"wp:attachment":[{"href":"https:\/\/theworldwidejournal.com\/index.php?rest_route=%2Fwp%2Fv2%2Fmedia&parent=164460"}],"wp:term":[{"taxonomy":"category","embeddable":true,"href":"https:\/\/theworldwidejournal.com\/index.php?rest_route=%2Fwp%2Fv2%2Fcategories&post=164460"},{"taxonomy":"post_tag","embeddable":true,"href":"https:\/\/theworldwidejournal.com\/index.php?rest_route=%2Fwp%2Fv2%2Ftags&post=164460"}],"curies":[{"name":"wp","href":"https:\/\/api.w.org\/{rel}","templated":true}]}}