{"id":164462,"date":"2020-10-13T14:12:26","date_gmt":"2020-10-13T12:12:26","guid":{"rendered":"https:\/\/theworldwidejournal.com\/2020\/10\/13\/rafa-nadal-real-orden-del-merito-deportivo\/"},"modified":"2020-10-13T14:12:26","modified_gmt":"2020-10-13T12:12:26","slug":"rafa-nadal-real-orden-del-merito-deportivo","status":"publish","type":"post","link":"https:\/\/theworldwidejournal.com\/?p=164462","title":{"rendered":"Rafa Nadal, Real Orden del M\u00e9rito Deportivo"},"content":{"rendered":"<p>Rafael Nadal , flamante ganador de Roland Garros, recibir\u00e1 la Real Cruz del Orden del M\u00e9rito Deportivo. Se trata de la m\u00e1s alta distinci\u00f3n que se otorga al deporte en Espa\u00f1a, y que el tenista balear se ha ganado por un palmar\u00e9s y una trayectoria deportiva al alcance de muy pocos, coronada hace apenas dos d\u00edas con la consecuci\u00f3n de su decimotercer t\u00edtulo en Par\u00eds. En su resoluci\u00f3n, el fiscal de la Real Orden del M\u00e9rito Deportivo, Juan Mar\u00eda Fern\u00e1ndez Carnicer, destac\u00f3 la \u00ablabor de servicio extraordinario y de incontrastable m\u00e9rito al mundo del deporte\u00bb realizada por Nadal, as\u00ed como su capacidad para \u00abprestigiar el nombre y reputaci\u00f3n de Espa\u00f1a a lo largo y ancho del planeta\u00bb o su \u00abtrayectoria de una especial ejemplaridad\u00bb. El pasado domingo, el balear levant\u00f3 el vig\u00e9simo t\u00edtulo de &#8216;Grand Slam&#8217; de su carrera, cifra que le permite igualar a Roger Federer en la cima del tenis mundial. En el extenso palmar\u00e9s del tenista tambi\u00e9n destacan dos medallas de oro ol\u00edmpicas o cinco t\u00edtulos en la Copa Davis, entre otros muchos \u00e9xitos.<br \/>\nVia: <a href=\"https:\/\/www.abc.es\/deportes\/tenis\/abci-rafa-nadal-real-orden-merito-deportivo-202010131412_noticia.html\" target=\"_blank\">Rafa Nadal, Real Orden del M\u00e9rito Deportivo<\/a><\/p>\n","protected":false},"excerpt":{"rendered":"<p>Rafael Nadal , flamante ganador de Roland Garros, recibir\u00e1 la Real Cruz del Orden del M\u00e9rito Deportivo. Se trata de la m\u00e1s alta distinci\u00f3n que se otorga al deporte en Espa\u00f1a, y que el tenista balear se ha ganado por un palmar\u00e9s y una trayectoria deportiva al alcance de muy [&hellip;]<\/p>\n","protected":false},"author":2,"featured_media":164463,"comment_status":"open","ping_status":"closed","sticky":false,"template":"","format":"standard","meta":{"footnotes":""},"categories":[6],"tags":[],"class_list":["post-164462","post","type-post","status-publish","format-standard","has-post-thumbnail","hentry","category-spanish"],"_links":{"self":[{"href":"https:\/\/theworldwidejournal.com\/index.php?rest_route=\/wp\/v2\/posts\/164462","targetHints":{"allow":["GET"]}}],"collection":[{"href":"https:\/\/theworldwidejournal.com\/index.php?rest_route=\/wp\/v2\/posts"}],"about":[{"href":"https:\/\/theworldwidejournal.com\/index.php?rest_route=\/wp\/v2\/types\/post"}],"author":[{"embeddable":true,"href":"https:\/\/theworldwidejournal.com\/index.php?rest_route=\/wp\/v2\/users\/2"}],"replies":[{"embeddable":true,"href":"https:\/\/theworldwidejournal.com\/index.php?rest_route=%2Fwp%2Fv2%2Fcomments&post=164462"}],"version-history":[{"count":0,"href":"https:\/\/theworldwidejournal.com\/index.php?rest_route=\/wp\/v2\/posts\/164462\/revisions"}],"wp:featuredmedia":[{"embeddable":true,"href":"https:\/\/theworldwidejournal.com\/index.php?rest_route=\/wp\/v2\/media\/164463"}],"wp:attachment":[{"href":"https:\/\/theworldwidejournal.com\/index.php?rest_route=%2Fwp%2Fv2%2Fmedia&parent=164462"}],"wp:term":[{"taxonomy":"category","embeddable":true,"href":"https:\/\/theworldwidejournal.com\/index.php?rest_route=%2Fwp%2Fv2%2Fcategories&post=164462"},{"taxonomy":"post_tag","embeddable":true,"href":"https:\/\/theworldwidejournal.com\/index.php?rest_route=%2Fwp%2Fv2%2Ftags&post=164462"}],"curies":[{"name":"wp","href":"https:\/\/api.w.org\/{rel}","templated":true}]}}