{"id":164464,"date":"2020-10-13T14:00:34","date_gmt":"2020-10-13T12:00:34","guid":{"rendered":"https:\/\/theworldwidejournal.com\/2020\/10\/13\/el-rey-a-los-autonomos-espana-os-necesita-mas-que-nunca\/"},"modified":"2020-10-13T14:00:34","modified_gmt":"2020-10-13T12:00:34","slug":"el-rey-a-los-autonomos-espana-os-necesita-mas-que-nunca","status":"publish","type":"post","link":"https:\/\/theworldwidejournal.com\/?p=164464","title":{"rendered":"El Rey, a los aut\u00f3nomos: \u00abEspa\u00f1a os necesita m\u00e1s que nunca\u00bb"},"content":{"rendered":"<p>\u00abEspa\u00f1a os necesita m\u00e1s que nunca\u00bb. Este es el mensaje que el Rey ha transmitido este martes a los aut\u00f3nomos, a quienes ha calificado de \u00abmotor esencial para el funcionamiento de nuestra econom\u00eda\u00bb. \u00abSois imprescindibles para la generaci\u00f3n de empleo de forma equilibrada en todo el territorio nacional\u00bb, ha a\u00f1adido. Don Felipe ha entregado esta ma\u00f1ana los XIX Premios Aut\u00f3nomo del A\u00f1o, un acto en el que tanto los trabajadores aut\u00f3nomos como los empresarios y algunos premiados han querido expresar su lealtad a la Corona en estos momentos especialmente dif\u00edciles. As\u00ed lo hicieron los presidentes de la Asociaci\u00f3n de Trabajadores Aut\u00f3nomos (ATA), Lorenzo Amor; y de la CEOE, Antonio Garamendi, y tambi\u00e9n el productor de artes esc\u00e9nicas Enrique Cornejo, que recogi\u00f3 uno de los premios. En el acto, el Rey ha reconocido \u00ablo particularmente duro\u00bb que est\u00e1 siendo este a\u00f1o, por la pandemia y sus efectos, para este sector, que representa el 18 por ciento del PIB. \u00abLos aut\u00f3nomos siempre han desempe\u00f1ado un papel clave en la econom\u00eda espa\u00f1ola; y es seguro que lo van a seguir haciendo en el actual proceso de recuperaci\u00f3n de nuestro tejido productivo y social, inmerso ahora en una de las mayores crisis sanitarias, econ\u00f3micas y sociales de nuestra historia reciente\u00bb, afirm\u00f3. \u00abSois un verdadero pilar en este proceso\u00bb de recuperaci\u00f3n, les dijo el Rey, \u00abno solo porque conform\u00e1is el 90% de ese tejido productivo sino porque contribu\u00eds a vertebrar la vida\u00bb de las grandes ciudades y de las zonas rurales. \u00abSin los peque\u00f1os negocios, se ver\u00edan sin duda agravadas las dificultades de los entornos m\u00e1s despoblados de nuestro pa\u00eds\u00bb, a\u00f1adi\u00f3. Tras destacar la labor de peque\u00f1as tiendas y supermercados, hoteles, farmacias, abogados, arquitectos, artistas, m\u00fasicos, transportistas, talleres de autom\u00f3viles, taxistas y empresas tecnol\u00f3gicas, el Rey afirm\u00f3: \u00abTodos son fuentes de riqueza, estabilidad y empleo\u00bb. Adem\u00e1s, elogi\u00f3 el trabajo de muchos aut\u00f3nomos \u00abm\u00e1s all\u00e1 del deber\u00bb, como es el caso de m\u00e9dicos y farmac\u00e9uticos. Apoyo y concordia en momentos convulsos El presidente de ATA, Lorenzo Amor, record\u00f3 que el Rey ha estado desde que empez\u00f3 la pandemia \u00abprofundamente interesado y en contacto\u00bb con los aut\u00f3nomos \u00aby esto no lo olvidamos\u00bb. Adem\u00e1s, reiter\u00f3 que ATA est\u00e1 comprometida desde su fundaci\u00f3n con los valores constitucionales de Espa\u00f1a. Por ello, dijo, \u00abno nos duelen prendas al manifestar en estos momentos tan convulsos por los que atraviesa nuestro pa\u00eds, nuestro apoyo leal a la Corona\u00bb. Y termin\u00f3 su intervenci\u00f3n con un \u00abViva el Rey\u00bb. Adem\u00e1s, Amor afirm\u00f3 que solo se podr\u00e1 conseguir la reconstrucci\u00f3n del pa\u00eds con \u00abunidad, concordia, certidumbre y seguridad jur\u00eddica\u00bb y reclam\u00f3 a los pol\u00edticos que se pongan a trabajar en ello. La CEOE pide lealtad institucional El presidente de la CEOE, Antonio Garamendi, destac\u00f3 que los 40 mejores a\u00f1os de la historia de Espa\u00f1a, de la econom\u00eda espa\u00f1ola, han sido como consecuencia de la Constituci\u00f3n espa\u00f1ola y reclam\u00f3 \u00ablealtad institucional porque es la que da confianza al pa\u00eds y nos va a hacer crecer y superar esto\u00bb. \u00abMajestad, muchas gracias por estar todos los d\u00edas y a todas horas con todos los espa\u00f1oles\u00bb, manifest\u00f3. Tambi\u00e9n Enrique Cornejo expres\u00f3 su lealtad a la Corona tras recoger el premio a la trayectoria profesional: \u00abCumplir a\u00f1os de manera muy activa en la sociedad que a uno le envuelve le permite analizar, al final de muchas d\u00e9cadas, qu\u00e9 es lo mejor para la patria que uno siente y ama, como yo amo a Espa\u00f1a. Lo mejor es lo que tenemos en Vuestra Majestad, en lo que represent\u00e1is y en lo que hac\u00e9is. Gracias de todo coraz\u00f3n por estar siempre ah\u00ed\u00bb, afirm\u00f3. En el acto, el Rey estuvo acompa\u00f1ado por la presidenta de la Comunidad de Madrid, Isabel D\u00edaz Ayuso, y el ministro de Inclusi\u00f3n y Seguridad Social, Jos\u00e9 Luis Escriv\u00e1 ; el alcalde de Madrid, Jos\u00e9 Luis Mart\u00ednez-Almeida; el presidente de Cepyme, Gerardo Cuerva; el presidente CEIM, Miguel Garrido, y el consejero delegado de CaixaBank, Gonzalo Gort\u00e1zar, entre otros. Los galardonados han sido: los Consejos Generales de M\u00e9dicos, Farmac\u00e9uticos, Gestores Administrativos, Graduados Sociales y Abogados y la Federaci\u00f3n Espa\u00f1ola de Asociaciones Profesionales de T\u00e9cnicos Tributarios y Asesores Fiscales. El premio al emprendedor lo han recibido los hermanos D\u00e9borah y Rafael Casillas Gordillo, promotores de Concert Music Festival.<br \/>\nVia: <a href=\"https:\/\/www.abc.es\/espana\/casa-real\/abci-autonomos-espana-necesita-mas-nunca-202010131400_noticia.html\" target=\"_blank\">El Rey, a los aut\u00f3nomos: \u00abEspa\u00f1a os necesita m\u00e1s que nunca\u00bb<\/a><\/p>\n","protected":false},"excerpt":{"rendered":"<p>\u00abEspa\u00f1a os necesita m\u00e1s que nunca\u00bb. Este es el mensaje que el Rey ha transmitido este martes a los aut\u00f3nomos, a quienes ha calificado de \u00abmotor esencial para el funcionamiento de nuestra econom\u00eda\u00bb. \u00abSois imprescindibles para la generaci\u00f3n de empleo de forma equilibrada en todo el territorio nacional\u00bb, ha a\u00f1adido. [&hellip;]<\/p>\n","protected":false},"author":2,"featured_media":164465,"comment_status":"open","ping_status":"closed","sticky":false,"template":"","format":"standard","meta":{"footnotes":""},"categories":[6],"tags":[],"class_list":["post-164464","post","type-post","status-publish","format-standard","has-post-thumbnail","hentry","category-spanish"],"_links":{"self":[{"href":"https:\/\/theworldwidejournal.com\/index.php?rest_route=\/wp\/v2\/posts\/164464","targetHints":{"allow":["GET"]}}],"collection":[{"href":"https:\/\/theworldwidejournal.com\/index.php?rest_route=\/wp\/v2\/posts"}],"about":[{"href":"https:\/\/theworldwidejournal.com\/index.php?rest_route=\/wp\/v2\/types\/post"}],"author":[{"embeddable":true,"href":"https:\/\/theworldwidejournal.com\/index.php?rest_route=\/wp\/v2\/users\/2"}],"replies":[{"embeddable":true,"href":"https:\/\/theworldwidejournal.com\/index.php?rest_route=%2Fwp%2Fv2%2Fcomments&post=164464"}],"version-history":[{"count":0,"href":"https:\/\/theworldwidejournal.com\/index.php?rest_route=\/wp\/v2\/posts\/164464\/revisions"}],"wp:featuredmedia":[{"embeddable":true,"href":"https:\/\/theworldwidejournal.com\/index.php?rest_route=\/wp\/v2\/media\/164465"}],"wp:attachment":[{"href":"https:\/\/theworldwidejournal.com\/index.php?rest_route=%2Fwp%2Fv2%2Fmedia&parent=164464"}],"wp:term":[{"taxonomy":"category","embeddable":true,"href":"https:\/\/theworldwidejournal.com\/index.php?rest_route=%2Fwp%2Fv2%2Fcategories&post=164464"},{"taxonomy":"post_tag","embeddable":true,"href":"https:\/\/theworldwidejournal.com\/index.php?rest_route=%2Fwp%2Fv2%2Ftags&post=164464"}],"curies":[{"name":"wp","href":"https:\/\/api.w.org\/{rel}","templated":true}]}}