{"id":164533,"date":"2020-10-14T01:12:51","date_gmt":"2020-10-13T23:12:51","guid":{"rendered":"https:\/\/theworldwidejournal.com\/2020\/10\/14\/pedro-sanchez-y-la-foto-con-nadal\/"},"modified":"2020-10-14T01:12:51","modified_gmt":"2020-10-13T23:12:51","slug":"pedro-sanchez-y-la-foto-con-nadal","status":"publish","type":"post","link":"https:\/\/theworldwidejournal.com\/?p=164533","title":{"rendered":"Pedro S\u00e1nchez y la foto con Nadal"},"content":{"rendered":"<p>Ha tenido que llegar este Gobierno de tanto progreso para que Rafael Nadal pase a ser Su Excelencia Don Rafael Nadal Parera, que, as\u00ed de primeras, suena a algo muy serio. En realidad, Nadal es todo lo que queramos que sea, pues lleva media vida alegrando los domingos de los espa\u00f1oles y cualquier premio, medalla o distinci\u00f3n que reciba est\u00e1 m\u00e1s que justificada. De hecho, como si le quieren hacer presidente del pa\u00eds, seguramente ir\u00eda mucho mejor la cosa de c\u00f3mo est\u00e1 ahora. Pero s\u00ed que es verdaderamente llamativa la celeridad con la que el Ejecutivo, entusiasmado despu\u00e9s de la en\u00e9sima gesta del mallorqu\u00edn en Roland Garros, le haya concedido la Gran Cruz de la Real Orden del M\u00e9rito Deportivo,&#8230; Ver M\u00e1s<br \/>\nVia: <a href=\"https:\/\/www.abc.es\/deportes\/tenis\/abci-enrique-yunta-pedro-sanchez-y-foto-nadal-202010140112_noticia.html\" target=\"_blank\">Pedro S\u00e1nchez y la foto con Nadal<\/a><\/p>\n","protected":false},"excerpt":{"rendered":"<p>Ha tenido que llegar este Gobierno de tanto progreso para que Rafael Nadal pase a ser Su Excelencia Don Rafael Nadal Parera, que, as\u00ed de primeras, suena a algo muy serio. En realidad, Nadal es todo lo que queramos que sea, pues lleva media vida alegrando los domingos de los [&hellip;]<\/p>\n","protected":false},"author":2,"featured_media":164534,"comment_status":"open","ping_status":"closed","sticky":false,"template":"","format":"standard","meta":{"footnotes":""},"categories":[6],"tags":[],"class_list":["post-164533","post","type-post","status-publish","format-standard","has-post-thumbnail","hentry","category-spanish"],"_links":{"self":[{"href":"https:\/\/theworldwidejournal.com\/index.php?rest_route=\/wp\/v2\/posts\/164533","targetHints":{"allow":["GET"]}}],"collection":[{"href":"https:\/\/theworldwidejournal.com\/index.php?rest_route=\/wp\/v2\/posts"}],"about":[{"href":"https:\/\/theworldwidejournal.com\/index.php?rest_route=\/wp\/v2\/types\/post"}],"author":[{"embeddable":true,"href":"https:\/\/theworldwidejournal.com\/index.php?rest_route=\/wp\/v2\/users\/2"}],"replies":[{"embeddable":true,"href":"https:\/\/theworldwidejournal.com\/index.php?rest_route=%2Fwp%2Fv2%2Fcomments&post=164533"}],"version-history":[{"count":0,"href":"https:\/\/theworldwidejournal.com\/index.php?rest_route=\/wp\/v2\/posts\/164533\/revisions"}],"wp:featuredmedia":[{"embeddable":true,"href":"https:\/\/theworldwidejournal.com\/index.php?rest_route=\/wp\/v2\/media\/164534"}],"wp:attachment":[{"href":"https:\/\/theworldwidejournal.com\/index.php?rest_route=%2Fwp%2Fv2%2Fmedia&parent=164533"}],"wp:term":[{"taxonomy":"category","embeddable":true,"href":"https:\/\/theworldwidejournal.com\/index.php?rest_route=%2Fwp%2Fv2%2Fcategories&post=164533"},{"taxonomy":"post_tag","embeddable":true,"href":"https:\/\/theworldwidejournal.com\/index.php?rest_route=%2Fwp%2Fv2%2Ftags&post=164533"}],"curies":[{"name":"wp","href":"https:\/\/api.w.org\/{rel}","templated":true}]}}