{"id":164661,"date":"2020-10-15T00:41:55","date_gmt":"2020-10-14T22:41:55","guid":{"rendered":"https:\/\/theworldwidejournal.com\/2020\/10\/15\/panico-a-una-plaga-de-lesiones\/"},"modified":"2020-10-15T00:41:55","modified_gmt":"2020-10-14T22:41:55","slug":"panico-a-una-plaga-de-lesiones","status":"publish","type":"post","link":"https:\/\/theworldwidejournal.com\/?p=164661","title":{"rendered":"P\u00e1nico a una plaga de lesiones"},"content":{"rendered":"<p>El par\u00f3n de selecciones de este mes de octubre y los dos pr\u00f3ximos, en noviembre (2020) y marzo (2021), tendr\u00e1n tres fechas disponibles (en lugar de dos) para que los combinados nacionales puedan recuperar los partidos previstos entre marzo y junio que tuvieron que ser suspendidos por el coronavirus. As\u00ed lo aprob\u00f3 la FIFA a finales de verano y as\u00ed lo ha llevado a cabo la UEFA a la primera oportunidad que ha tenido. Espa\u00f1a, por ejemplo, ha jugado el amistoso contra Portugal que ten\u00eda fijado para d\u00edas antes del inicio de la Eurocopa y, adem\u00e1s, dos partidos de la Liga de Naciones, contra Suiza y Ucrania. Y el resto de selecciones continentales ha hecho lo mismo, lo que ha provocado el enfado en un buen n\u00famero de futbolistas. Kevin de Bruyne, la estrella del City, le ha puesto voz a este mosqueo del gremio. \u00abLlevo dos a\u00f1os jugando sin descanso, pero nadie escucha a los jugadores. Es preocupante. No hemos tenido m\u00e1s de quince d\u00edas de vacaciones\u00bb, se lamenta la estrella belga. Su preocupaci\u00f3n por la reducci\u00f3n del cincuenta por ciento de los d\u00edas de asueto habituales de un futbolista tiene mucho debate. Una paliza El Covid-19 ha provocado que las temporadas 19-20 y 20-21 hayan ido una detr\u00e1s de otra y terminar\u00e1n el pr\u00f3ximo verano con una Eurocopa, una Copa Am\u00e9rica y unos Juegos Ol\u00edmpicos. Ni el verano reci\u00e9n terminado ha tenido las cuatro semanas de vacaciones que exige el f\u00fatbol de \u00e9lite, ni en Navidad habr\u00e1 par\u00f3n \u2013algo que s\u00ed suced\u00eda en algunas ligas, como la espa\u00f1ola, pero tampoco ser\u00e1 el caso este curso\u2013 ni el pr\u00f3ximo verano re\u00fane tampoco las condiciones para un descanso mensual. El calendario hace papilla a los futbolistas y el riesgo de lesiones aumenta considerablemente. \u00abHe tenido 18 d\u00edas de vacaciones y est\u00e1 claro que esta situaci\u00f3n extrema conllevar\u00e1 m\u00e1s lesiones, pero ya estamos acostumbrados a no poder quejarnos porque, claro, somos unos privilegiados\u00bb, explica resignado un futbolista espa\u00f1ol que juega en la Serie A. Una reflexi\u00f3n gemela a la que hace De Bruyne: \u00abSobre todo necesitas ese descanso a nivel mental, pero nadie nos cree. Todos dicen: \u2018Ganas un buen dinero, as\u00ed que solo tienes que poder manejarlo\u2019. As\u00ed es como va. Lamentablemente, veo venir una ola de lesiones\u00bb. \u00abSeguramente, muchos jugadores van a llegar al tramo final de la temporada agotados debido a ese corto numero de d\u00edas de vacaciones y la congesti\u00f3n del calendario, y el factor de las lesiones tendr\u00e1 mucha importancia en el devenir de los equipos\u00bb, explica Dani Guindos, asistente de Robert Moreno. Notable aumento de lesiones Estas predicciones coinciden con la de los especialistas m\u00e9dicos, que m\u00e1s all\u00e1 de su opini\u00f3n fundamentan su trabajo en datos: \u00abEn estos primeros 50 d\u00edas de f\u00fatbol en el curso 20-21, entre los veinte equipos de la Liga ya ha habido 111 lesionados y 117 lesiones, 78 de ellas y musculares y 39 traum\u00e1ticas. Supone un aumento aproximado de un 30 por ciento respecto a la pasada temporada\u00bb, detalla el doctor Ripoll, uno de los socios fundadores de la cl\u00ednica Ripoll y De Prado, En este centro m\u00e9dico de Excelencia FIFA han echado un vistazo a los n\u00fameros de Sergio Ramos, como arquetipo para el resto de jugadores de \u00e9lite de las grandes ligas, y los datos son apabullantes. En el primer mes y medio del ejercicio 2019-2020, Ramos jug\u00f3 seis partidos, cinco de ellos amistosos y uno oficial, acumulando un total de 442 minutos. En el primer mes y medio del ejercicio 2020-21, el central ha jugado diez partidos, nueve oficiales y uno amistoso, sumando 790 minutos. De hecho, el primero, el Alemania-Espa\u00f1a de la Liga de Las Naciones, lo disput\u00f3 con solo 72 horas de actividad tras un periodo de 22 d\u00edas de vacaciones. Aqu\u00ed tambi\u00e9n sale perdiendo Ramos, ya que en el verano de 2019 tuvo 30 d\u00edas de descanso, ocho m\u00e1s que este a\u00f1o. \u00abEn un futbolista, el descanso es tan importante como el entrenamiento y en los atletas de \u00e9lite debemos potenciar el factor de protecci\u00f3n del entrenamiento estructurado, en el que si se entrena de una manera ordenada y estructurada se puede competir a alto nivel a la vez que se tiene una protecci\u00f3n contra las lesiones. En el contexto de la actual temporada se pierde por completo este factor protector\u00bb, explica el doctor Ripoll. El descanso del deportista de alto rendimiento est\u00e1 en peligro y no se puede tomar a broma: \u00abComprendo absolutamente las quejas de De Bruyne. Hablamos de un tema muy serio porque a los futbolistas no se les da tiempo a reponer energ\u00edas para competir con seguridad. Los futbolistas corren un riesgo desproporcionado de lesi\u00f3n y han perdido la protecci\u00f3n que les proporciona el descanso. El f\u00fatbol debe tener un patr\u00f3n coherente de competici\u00f3n y descanso. Se deber\u00eda reflexionar muy seriamente sobre este asunto\u00bb, a\u00f1ade el galeno. El enfado entre los jugadores se extiende tambi\u00e9n a los clubes. La mayor\u00eda de ellos han acordado con sus jugadores bajadas de salario, no solo la temporada pasada sino tambi\u00e9n la actual, pero estos tienen que jugar m\u00e1s partidos a causa de decisiones ajenas a los equipos: \u00abTodo es mucho m\u00e1s apretado e intenso, sobre todo para los internacionales. La UEFA esta explotando a los clubes grandes estirando como chicles los partidos de selecciones. Somos los grandes perjudicados. Nos quedaba la semana vacaciones de Navidad y ya LaLiga tambi\u00e9n nos la ha quitado\u00bb, explican a este peri\u00f3dico desde uno de los clubes punteros de Espa\u00f1a. A pesar de este perverso decorado, el futbolista no piensa bajar la intensidad. Su profesi\u00f3n es sagrada, por muchas barreras que le hagan aumentan el riesgo de da\u00f1os: \u00abLos jugadores no saben calibrarse y se van a dejar los cuernos para mantener el estatus en sus respectivos clubes. Y eso conlleva que los preparadores f\u00edsicos se hayan convertido en los verdaderos segundos entrenadores y se sientan, de alguna manera, obligados a elevar sus prestaciones porque sus responsabilidades son muchos mayores. Es todo un c\u00f3ctel perverso\u00bb, descifran desde&hellip;<br \/>\nVia: <a href=\"https:\/\/www.abc.es\/deportes\/futbol\/abci-panico-plaga-lesiones-202010150041_noticia.html\" target=\"_blank\">P\u00e1nico a una plaga de lesiones<\/a><\/p>\n","protected":false},"excerpt":{"rendered":"<p>El par\u00f3n de selecciones de este mes de octubre y los dos pr\u00f3ximos, en noviembre (2020) y marzo (2021), tendr\u00e1n tres fechas disponibles (en lugar de dos) para que los combinados nacionales puedan recuperar los partidos previstos entre marzo y junio que tuvieron que ser suspendidos por el coronavirus. As\u00ed [&hellip;]<\/p>\n","protected":false},"author":2,"featured_media":164662,"comment_status":"open","ping_status":"closed","sticky":false,"template":"","format":"standard","meta":{"footnotes":""},"categories":[6],"tags":[],"class_list":["post-164661","post","type-post","status-publish","format-standard","has-post-thumbnail","hentry","category-spanish"],"_links":{"self":[{"href":"https:\/\/theworldwidejournal.com\/index.php?rest_route=\/wp\/v2\/posts\/164661","targetHints":{"allow":["GET"]}}],"collection":[{"href":"https:\/\/theworldwidejournal.com\/index.php?rest_route=\/wp\/v2\/posts"}],"about":[{"href":"https:\/\/theworldwidejournal.com\/index.php?rest_route=\/wp\/v2\/types\/post"}],"author":[{"embeddable":true,"href":"https:\/\/theworldwidejournal.com\/index.php?rest_route=\/wp\/v2\/users\/2"}],"replies":[{"embeddable":true,"href":"https:\/\/theworldwidejournal.com\/index.php?rest_route=%2Fwp%2Fv2%2Fcomments&post=164661"}],"version-history":[{"count":0,"href":"https:\/\/theworldwidejournal.com\/index.php?rest_route=\/wp\/v2\/posts\/164661\/revisions"}],"wp:featuredmedia":[{"embeddable":true,"href":"https:\/\/theworldwidejournal.com\/index.php?rest_route=\/wp\/v2\/media\/164662"}],"wp:attachment":[{"href":"https:\/\/theworldwidejournal.com\/index.php?rest_route=%2Fwp%2Fv2%2Fmedia&parent=164661"}],"wp:term":[{"taxonomy":"category","embeddable":true,"href":"https:\/\/theworldwidejournal.com\/index.php?rest_route=%2Fwp%2Fv2%2Fcategories&post=164661"},{"taxonomy":"post_tag","embeddable":true,"href":"https:\/\/theworldwidejournal.com\/index.php?rest_route=%2Fwp%2Fv2%2Ftags&post=164661"}],"curies":[{"name":"wp","href":"https:\/\/api.w.org\/{rel}","templated":true}]}}