{"id":164724,"date":"2020-10-15T13:50:42","date_gmt":"2020-10-15T11:50:42","guid":{"rendered":"https:\/\/theworldwidejournal.com\/2020\/10\/15\/mariano-barbacid-crear-el-ministerio-de-ciencia-no-ha-servido-para-nada\/"},"modified":"2020-10-15T13:50:42","modified_gmt":"2020-10-15T11:50:42","slug":"mariano-barbacid-crear-el-ministerio-de-ciencia-no-ha-servido-para-nada","status":"publish","type":"post","link":"https:\/\/theworldwidejournal.com\/?p=164724","title":{"rendered":"Mariano Barbacid: \u00abCrear el Ministerio de Ciencia no ha servido para nada\u00bb"},"content":{"rendered":"<p>La Industria farmac\u00e9utica tambi\u00e9n pide reconocer su importancia en la econom\u00eda espa\u00f1ola y manda un recado al Gobierno de S\u00e1nchez. Durante un encuentro digital organizado por FarmaIndustria, el profesor de Oncolog\u00eda Molecular y exdirector del Centro Nacional de Investigaciones Oncol\u00f3gicas, Mariano Barbacid, ha aseverado que \u00abla creaci\u00f3n de un Ministerio de Ciencia no ha servido para nada\u00bb al asegurar que los investigadores no han percibido ninguna repercusi\u00f3n positiva en sus trabajos desde su apertura hace dos a\u00f1os. As\u00ed, durante un encuentro digital organizado por FarmaIndustria, representantes de este sector, que seg\u00fan datos del Ministerio de Industria creci\u00f3 un 13,2% en el \u00faltimo a\u00f1o, lamentaron su posici\u00f3n a pesar de su importancia en la pandemia y reclamaron su inclusi\u00f3n en los fondos de reconstrucci\u00f3n. \u00abPara los fondos europeos se ha hablado mucho de invertir en digitalizaci\u00f3n y transici\u00f3n ecol\u00f3gica. Nosotros hemos echado en falta que nos pongan sobre la mesa\u00bb, ha considerado Javier Urzay, subdirector general de FarmaIndustria . De este modo, el coloquio \u00abEl papel de la industria farmac\u00e9utica en la recuperaci\u00f3n econ\u00f3mica\u00bb oganizado por FarmaIndustria en colaboraci\u00f3n con de la Asociaci\u00f3n de Periodistas de Informaci\u00f3n Econ\u00f3mica, tambi\u00e9n ha servido para reivindicar la labor de los sectores farmac\u00e9uticos y sanitarios desde que inici\u00f3 la pandemia. \u00abSe ha demostrado que no hay econom\u00eda sin salud. Espa\u00f1a solo necesita una cosa: m\u00e1s recursos, m\u00e1s recursos y m\u00e1s recursos. Necesitamos que el Gobierno destine el 2% de los presupuestos a investigaci\u00f3n\u00bb, ha declarado tambi\u00e9n el doctor Barbacid. Retroceso El sector tambi\u00e9n quiso se\u00f1alar el retroceso, no solo de la industria farmac\u00e9utica en Espa\u00f1a, sino tambi\u00e9n en Europa. \u00abHace treinta a\u00f1os dos de cada tres f\u00e1rmacos proced\u00edan de Europa y ahora la mayor\u00eda viene de Estados Unidos\u00bb. En esta l\u00ednea, Urzay ha pedido \u00abmenos leyes y m\u00e1s colaboraci\u00f3n\u00bb, ya que considera escasas las ayudas a esta industria. Entre otras cuestiones, el subdirector de FarmaIndustria ha recalcado las posibilidades que se podr\u00edan abrir para Espa\u00f1a, que se podr\u00eda convetir en un \u00abhub\u00bb para la ciencia. Para ello, Urzay ha considerado fundamental una urgente inversi\u00f3n en Sanidad y Ciencia \u00abpara poder mantener a los cient\u00edficos espa\u00f1oles en nuestro sistema\u00bb. En este sentido, los participantes han lamentado la falta de protagonismo de la industria farmace\u00fatica espa\u00f1ola en la elaboraci\u00f3n de la vacuna contra el Covid-19 , a la que han considerado \u00abla mayor movilizaci\u00f3n de la historia\u00bb contra una enfermedad, adem\u00e1s de poner en positivo la agilidad con la que se est\u00e1 llegando a conseguir la vacuna.<br \/>\nVia: <a href=\"https:\/\/www.abc.es\/ciencia\/abci-crear-ministerio-ciencia-no-servido-para-nada-202010151350_noticia.html\" target=\"_blank\">Mariano Barbacid: \u00abCrear el Ministerio de Ciencia no ha servido para nada\u00bb<\/a><\/p>\n","protected":false},"excerpt":{"rendered":"<p>La Industria farmac\u00e9utica tambi\u00e9n pide reconocer su importancia en la econom\u00eda espa\u00f1ola y manda un recado al Gobierno de S\u00e1nchez. Durante un encuentro digital organizado por FarmaIndustria, el profesor de Oncolog\u00eda Molecular y exdirector del Centro Nacional de Investigaciones Oncol\u00f3gicas, Mariano Barbacid, ha aseverado que \u00abla creaci\u00f3n de un Ministerio [&hellip;]<\/p>\n","protected":false},"author":2,"featured_media":164725,"comment_status":"open","ping_status":"closed","sticky":false,"template":"","format":"standard","meta":{"footnotes":""},"categories":[6],"tags":[],"class_list":["post-164724","post","type-post","status-publish","format-standard","has-post-thumbnail","hentry","category-spanish"],"_links":{"self":[{"href":"https:\/\/theworldwidejournal.com\/index.php?rest_route=\/wp\/v2\/posts\/164724","targetHints":{"allow":["GET"]}}],"collection":[{"href":"https:\/\/theworldwidejournal.com\/index.php?rest_route=\/wp\/v2\/posts"}],"about":[{"href":"https:\/\/theworldwidejournal.com\/index.php?rest_route=\/wp\/v2\/types\/post"}],"author":[{"embeddable":true,"href":"https:\/\/theworldwidejournal.com\/index.php?rest_route=\/wp\/v2\/users\/2"}],"replies":[{"embeddable":true,"href":"https:\/\/theworldwidejournal.com\/index.php?rest_route=%2Fwp%2Fv2%2Fcomments&post=164724"}],"version-history":[{"count":0,"href":"https:\/\/theworldwidejournal.com\/index.php?rest_route=\/wp\/v2\/posts\/164724\/revisions"}],"wp:featuredmedia":[{"embeddable":true,"href":"https:\/\/theworldwidejournal.com\/index.php?rest_route=\/wp\/v2\/media\/164725"}],"wp:attachment":[{"href":"https:\/\/theworldwidejournal.com\/index.php?rest_route=%2Fwp%2Fv2%2Fmedia&parent=164724"}],"wp:term":[{"taxonomy":"category","embeddable":true,"href":"https:\/\/theworldwidejournal.com\/index.php?rest_route=%2Fwp%2Fv2%2Fcategories&post=164724"},{"taxonomy":"post_tag","embeddable":true,"href":"https:\/\/theworldwidejournal.com\/index.php?rest_route=%2Fwp%2Fv2%2Ftags&post=164724"}],"curies":[{"name":"wp","href":"https:\/\/api.w.org\/{rel}","templated":true}]}}