{"id":164728,"date":"2020-10-15T13:15:44","date_gmt":"2020-10-15T11:15:44","guid":{"rendered":"https:\/\/theworldwidejournal.com\/2020\/10\/15\/bruselas-ya-sigue-con-atencion-la-discutida-reforma-del-cgpj-que-pretende-el-gobierno-de-sanchez\/"},"modified":"2020-10-15T13:15:44","modified_gmt":"2020-10-15T11:15:44","slug":"bruselas-ya-sigue-con-atencion-la-discutida-reforma-del-cgpj-que-pretende-el-gobierno-de-sanchez","status":"publish","type":"post","link":"https:\/\/theworldwidejournal.com\/?p=164728","title":{"rendered":"Bruselas ya sigue \u00abcon atenci\u00f3n\u00bb la discutida reforma del CGPJ que pretende el Gobierno de S\u00e1nchez"},"content":{"rendered":"<p>La Comisi\u00f3n Europea ha enviado una primera advertencia a Espa\u00f1a por la reforma que pretende aprobar Pedro S\u00e1nchez para cambiar las reglas de la elecci\u00f3n del Consejo General del Poder Judicial (CGPJ). Lo ha hecho con un lenguaje sutil y muy preciso, pero inequ\u00edvocamente cr\u00edtico. El Ejecutivo comunitario afirma que seguir\u00e1 \u00abatentamente\u00bb el desarrollo de esta reforma planteada por PSOE y Podemos y lo hace porque percibe un intento de politizar la administraci\u00f3n de justicia, por lo que recomienda a S\u00e1nchez que \u00abconsulte a los organismos pertinentes\u00bb antes de dar un paso definitivo. Un portavoz oficial de la Comisi\u00f3n es el que ayer emiti\u00f3 un comunicado que textualmente dec\u00eda lo siguiente: \u00abLa Comisi\u00f3n est\u00e1 al corriente del anuncio de este nuevo proyecto de ley. Seguimos de cerca la evoluci\u00f3n a este respecto. En el Informe sobre el estado de derecho de 2020, la Comisi\u00f3n subray\u00f3 la importancia de reducir la influencia del poder legislativo o ejecutivo sobre el poder judicial a fin de fortalecer la independencia judicial. El cap\u00edtulo del Informe sobre el Estado de Derecho 2020 en Espa\u00f1a mencionaba la situaci\u00f3n del consejo judicial en Espa\u00f1a como un desaf\u00edo. Es importante asegurarse de que el consejo no sea percibido como vulnerable a la politizaci\u00f3n. De manera m\u00e1s general, cuando los Estados miembros reforman el poder judicial, esto siempre debe hacerse en consulta con todas las partes interesadas pertinentes, incluida la Comisi\u00f3n de Venecia. Los Estados miembros deben seguir las normas de la UE para garantizar que la independencia judicial no se vea comprometida\u00bb. En el informe sobre el estado de derecho en Espa\u00f1a que citaba en esta declaraci\u00f3n el portavoz de la Comisi\u00f3n para asuntos de Justicia, Christian Wigand, y que fue presentado el 30 de septiembre ya se mencionaba como elemento extra\u00f1o el hecho de que Pedro S\u00e1nchez nombrase a la ministra de Justicia como Fiscal General del Estado como una posible interferencia del ejecutivo en el sistema judicial. El l\u00edder de la oposici\u00f3n, Pablo Casado, que se encuentra en Bruselas para participar en la cumbre de dirigentes del PP europeo, ha asegurado que esta reforma es una \u00abgran irresponsabilidad\u00bb del Gobierno y que por ello \u00abqueremos dejar muy claro que iremos hasta las \u00faltimas consecuencias si el Gobierno no retira la reforma del CGPJ hasta las instituciones europeas, tribunales europeos, Consejo de Europa y, por supuesto, la Justicia espa\u00f1ola. No se puede debilitar una gran naci\u00f3n como Espa\u00f1a y sus instituciones\u00bb. Naturalmente, todos los l\u00edderes populares comunitarios han sido informados de los planes de S\u00e1nchez en Espa\u00f1a. La l\u00edder de Ciudadanos, In\u00e9s Arrimadas, tambi\u00e9n ha advertido al Gobierno que acudir\u00e1 a instancias europeas para parar la reforma del poder judicial que planea el Ejecutivo si no rectifica: \u00abSi no lo frenan ustedes, lo frenar\u00e1n en Europa, donde no se toleran estas pr\u00e1ctica\u00bb. La oposici\u00f3n tambi\u00e9n ha advertido de que esta proyecto de reforma puede afectar a las discusiones que est\u00e1n teniendo lugar en Bruselas sobre c\u00f3mo vincular los pagos del Fondo Europeo de Recuperaci\u00f3n al respeto del Estado de Derecho. Esta cl\u00e1usula est\u00e1 dise\u00f1ada con la vista puesta en Hungr\u00eda y Polonia, que tratan de desligar las ayudas de este requisito. En el otro extremo, los pa\u00edses n\u00f3rdicos, el Benelux y la Euroc\u00e1mara quieren una supervisi\u00f3n m\u00e1s estricta de la que ha propuesto la Presidencia alemana de la UE y tiene el aval de los Gobiernos. La reforma La reforma registrada por PSOE y Unidas Podemos prev\u00e9 que, si no se alcanza la mayor\u00eda de tres quintos, los 12 vocales procedentes de la carrera judicial puedan ser elegidos por mayor\u00eda absoluta \u2014seis en el Congreso y seis en el Senado\u2014. En cambio, los otros ocho vocales, que son elegidos entre \u00abjuristas de reconocido prestigio\u00bb, seguir\u00e1n siendo nombrados por mayor\u00eda de tres quintos -cuatro por cada C\u00e1mara- porque as\u00ed lo establece la Constituci\u00f3n.<br \/>\nVia: <a href=\"https:\/\/www.abc.es\/espana\/abci-bruselas-sigue-atencion-discutida-reforma-cgpj-pretende-gobierno-sanchez-202010151315_noticia.html\" target=\"_blank\">Bruselas ya sigue \u00abcon atenci\u00f3n\u00bb la discutida reforma del CGPJ que pretende el Gobierno de S\u00e1nchez<\/a><\/p>\n","protected":false},"excerpt":{"rendered":"<p>La Comisi\u00f3n Europea ha enviado una primera advertencia a Espa\u00f1a por la reforma que pretende aprobar Pedro S\u00e1nchez para cambiar las reglas de la elecci\u00f3n del Consejo General del Poder Judicial (CGPJ). Lo ha hecho con un lenguaje sutil y muy preciso, pero inequ\u00edvocamente cr\u00edtico. El Ejecutivo comunitario afirma que [&hellip;]<\/p>\n","protected":false},"author":2,"featured_media":164729,"comment_status":"open","ping_status":"closed","sticky":false,"template":"","format":"standard","meta":{"footnotes":""},"categories":[6],"tags":[],"class_list":["post-164728","post","type-post","status-publish","format-standard","has-post-thumbnail","hentry","category-spanish"],"_links":{"self":[{"href":"https:\/\/theworldwidejournal.com\/index.php?rest_route=\/wp\/v2\/posts\/164728","targetHints":{"allow":["GET"]}}],"collection":[{"href":"https:\/\/theworldwidejournal.com\/index.php?rest_route=\/wp\/v2\/posts"}],"about":[{"href":"https:\/\/theworldwidejournal.com\/index.php?rest_route=\/wp\/v2\/types\/post"}],"author":[{"embeddable":true,"href":"https:\/\/theworldwidejournal.com\/index.php?rest_route=\/wp\/v2\/users\/2"}],"replies":[{"embeddable":true,"href":"https:\/\/theworldwidejournal.com\/index.php?rest_route=%2Fwp%2Fv2%2Fcomments&post=164728"}],"version-history":[{"count":0,"href":"https:\/\/theworldwidejournal.com\/index.php?rest_route=\/wp\/v2\/posts\/164728\/revisions"}],"wp:featuredmedia":[{"embeddable":true,"href":"https:\/\/theworldwidejournal.com\/index.php?rest_route=\/wp\/v2\/media\/164729"}],"wp:attachment":[{"href":"https:\/\/theworldwidejournal.com\/index.php?rest_route=%2Fwp%2Fv2%2Fmedia&parent=164728"}],"wp:term":[{"taxonomy":"category","embeddable":true,"href":"https:\/\/theworldwidejournal.com\/index.php?rest_route=%2Fwp%2Fv2%2Fcategories&post=164728"},{"taxonomy":"post_tag","embeddable":true,"href":"https:\/\/theworldwidejournal.com\/index.php?rest_route=%2Fwp%2Fv2%2Ftags&post=164728"}],"curies":[{"name":"wp","href":"https:\/\/api.w.org\/{rel}","templated":true}]}}