{"id":164787,"date":"2020-10-16T02:01:38","date_gmt":"2020-10-16T00:01:38","guid":{"rendered":"https:\/\/theworldwidejournal.com\/2020\/10\/16\/comunicar-el-acercamiento-de-un-preso-de-eta-a-una-victima-es-como-darle-la-noticia-de-un-cancer\/"},"modified":"2020-10-16T02:01:38","modified_gmt":"2020-10-16T00:01:38","slug":"comunicar-el-acercamiento-de-un-preso-de-eta-a-una-victima-es-como-darle-la-noticia-de-un-cancer","status":"publish","type":"post","link":"https:\/\/theworldwidejournal.com\/?p=164787","title":{"rendered":"\u00abComunicar el acercamiento de un preso de ETA a una v\u00edctima es como darle la noticia de un c\u00e1ncer\u00bb"},"content":{"rendered":"<p>Desde julio, el departamento Psicosocial de la Asociaci\u00f3n de V\u00edctimas del Terrorismo (AVT) ha tenido que telefonear a tres familias en tres ocasiones diferentes para informarles del acercamiento al Pa\u00eds Vasco de sucesivos presos etarras implicados en los cr\u00edmenes de sus seres queridos. Nunca antes hab\u00eda sucedido. \u00abEl impacto emocional es grande, como las noticias negativas de car\u00e1cter oncol\u00f3gico&#8230; y en estos casos ha habido que comunicarles, no que les ha salido un c\u00e1ncer, sino tres\u00bb. Lo explica Natalia Moreno, doctora en Psicolog\u00eda y gerente de la AVT, una organizaci\u00f3n que hace tiempo asumi\u00f3 el compromiso de avisar a sus afiliados en cuanto tuviera conocimiento de cambios en la situaci\u00f3n penitenciaria de los terroristas adscritos a sus respectivos casos. Las llamadas m\u00e1s dif\u00edciles, lamenta, las que tienen que ver mudanzas rumbo al norte de condenados por delitos de sangre, se han multiplicado desde principios de verano. A la misma velocidad a la que el Ministerio del Interior ha ido acelerando la aprobaci\u00f3n de esos movimientos. Y eso que Fernando Grande-Marlaska transmiti\u00f3 en 2018 que nunca habr\u00eda mejoras para estos delincuentes que detonaban las bombas y apretaban los gatillos de ETA. El primer traslado de un asesino fue el de Jos\u00e9 Mar\u00eda Arregui Erostarbe, \u00abFiti\u00bb, que fue dado a conocer con alevos\u00eda navide\u00f1a el pasado 30 de diciembre, a pesar de lo que acapar\u00f3 grandes titulares. Esta semana se han hecho p\u00fablicos los desplazamientos de otros 6 etarras, cuatro de los cuales suman 33 ejecuciones. A fuerza de anunciar acercamientos y m\u00e1s acercamientos, la repercusi\u00f3n ha sido baja, a\u00fan teniendo en cuenta que entre ellos consta Antonio Troiti\u00f1o, que acumula penas de 4.700 a\u00f1os como responsable de 22 muertes, inclu\u00eddas las de los doce guardias civiles destrozados en la masacre de la madrile\u00f1a Plaza de la Rep\u00fablica Dominicana en 1986. Cambia la c\u00e1rcel de Estremera (Madrid) por la de Soria. Y la de Almer\u00eda por la prisi\u00f3n de Logro\u00f1o Andoni Otegui, autor en 2002 del atentado de Santa Pola que acab\u00f3 con la vida de dos personas, una de ellas una ni\u00f1a de seis a\u00f1os. Tristeza, victimizaci\u00f3n, indefensi\u00f3n&#8230; Ninguna de las v\u00edctimas de estos dos ataques consultadas ha hablado. No han querido o no han podido. \u00abPsicol\u00f3gicamente, les afecta a todos. El hecho traum\u00e1tico ya ocurri\u00f3, pero ahora les toca digerir otro golpe y aparece la sintomatolog\u00eda m\u00e1s inicial, el llanto descontrolado, la tristeza&#8230; pero sobre todo, en el 100% de los casos, la percepci\u00f3n de injusticia, de abandono, de que se les est\u00e1 volviendo a victimizar\u00bb, indica Natalia Moreno. Esa percepci\u00f3n de injusticia, a\u00f1ade, desemboca a menudo en \u00abuna sensaci\u00f3n de indefensi\u00f3n, que compensan con el enfado, que empodera, es sano y adaptativo, pero les cuesta a qui\u00e9n culpabilizar, porque no hay una persona concreta&#8230; se quejan del Gobierno, s\u00ed, pero muestran indignaci\u00f3n con las administraciones p\u00fablicas, con el sistema, que es quien tiene que protegerles, que cuidarles despu\u00e9s de tanto sufrimiento&#8230;\u00bb. El recorrido por el dolor que desencadenan estos traslados hace ver que notificarlos a los familiares no es f\u00e1cil. Y adem\u00e1s lo hacen a contrarreloj. Porque Interior se comprometi\u00f3 a infomar a las asociaciones con tiempo suficiente para que pudieran contactar con las familias y evitar que se enteraran por la tele. Pero ahora ese intervalo casi no existe. \u00abCada vez que llegan nuevos traslados se nos revuelve todo&#8230; nos los comunican casi a la vez que se est\u00e1n produciendo y tenemos que actuar con toda urgencia\u00bb. La AVT recibe los nombres de los terroristas, los abogados buscan cu\u00e1les fueron sus atentados, sus v\u00edctimas, se filtra a quien llamar -\u00abno a una madre a la que mataron un hijo y tiene 96 a\u00f1os, no tenemos control sobre su reacci\u00f3n, no sabemos si est\u00e1 sola, si tiene demencia&#8230;\u00bb- y se marca el tel\u00e9fono. \u00abTenemos que presentarnos, avanzar que vamos a dar una noticia desagradable y ver qu\u00e9 tipo de informaci\u00f3n tienen&#8230; hace poco una se\u00f1ora mayor estaba convencida de que todos los etarras de los que le habl\u00e1bamos estaban muertos. Pero no, hab\u00edan obtenido una progresi\u00f3n de grado\u00bb. Agradecimiento a la voz cercana \u00abMuchos no tienen informaci\u00f3n exacta de sus casos. Porque no les importa, les hace da\u00f1o o por desconocimiento&#8230; hay que imaginar una viuda en los a\u00f1os 80 que tuviera que dejar el Pa\u00eds Vasco con ni\u00f1os, y que bastante ha tenido con sobrevivir\u00bb, recuerda la psic\u00f3loga. Tambi\u00e9n hay reacciones de resignaci\u00f3n. En los avisos de cientos de acercamientos hay dos constantes. Una, el nulo impulso de venganza. \u00abSon muy coherentes, no piensan en castigar usando lo mismo que ha ellos les ha hecho tanto da\u00f1o\u00bb. Otra, y principal: \u00abel agradecimiento, much\u00edsimo, a que haya una voz cercana que les diga lo que ocurre y les ofrezca pautas\u00bb. Que hablen todo lo que necesiten, que se centren en el d\u00eda a d\u00eda, actividades de distracci\u00f3n&#8230; \u00abVuelven a recuperarse -tranquiliza la gerente- pueden tardar un d\u00eda o un a\u00f1o, pero se recuperan\u00bb.<br \/>\nVia: <a href=\"https:\/\/www.abc.es\/espana\/abci-comunicar-acercamiento-preso-victima-como-darle-noticia-cancer-202010160201_noticia.html\" target=\"_blank\">\u00abComunicar el acercamiento de un preso de ETA a una v\u00edctima es como darle la noticia de un c\u00e1ncer\u00bb<\/a><\/p>\n","protected":false},"excerpt":{"rendered":"<p>Desde julio, el departamento Psicosocial de la Asociaci\u00f3n de V\u00edctimas del Terrorismo (AVT) ha tenido que telefonear a tres familias en tres ocasiones diferentes para informarles del acercamiento al Pa\u00eds Vasco de sucesivos presos etarras implicados en los cr\u00edmenes de sus seres queridos. Nunca antes hab\u00eda sucedido. \u00abEl impacto emocional [&hellip;]<\/p>\n","protected":false},"author":2,"featured_media":164788,"comment_status":"open","ping_status":"closed","sticky":false,"template":"","format":"standard","meta":{"footnotes":""},"categories":[6],"tags":[],"class_list":["post-164787","post","type-post","status-publish","format-standard","has-post-thumbnail","hentry","category-spanish"],"_links":{"self":[{"href":"https:\/\/theworldwidejournal.com\/index.php?rest_route=\/wp\/v2\/posts\/164787","targetHints":{"allow":["GET"]}}],"collection":[{"href":"https:\/\/theworldwidejournal.com\/index.php?rest_route=\/wp\/v2\/posts"}],"about":[{"href":"https:\/\/theworldwidejournal.com\/index.php?rest_route=\/wp\/v2\/types\/post"}],"author":[{"embeddable":true,"href":"https:\/\/theworldwidejournal.com\/index.php?rest_route=\/wp\/v2\/users\/2"}],"replies":[{"embeddable":true,"href":"https:\/\/theworldwidejournal.com\/index.php?rest_route=%2Fwp%2Fv2%2Fcomments&post=164787"}],"version-history":[{"count":0,"href":"https:\/\/theworldwidejournal.com\/index.php?rest_route=\/wp\/v2\/posts\/164787\/revisions"}],"wp:featuredmedia":[{"embeddable":true,"href":"https:\/\/theworldwidejournal.com\/index.php?rest_route=\/wp\/v2\/media\/164788"}],"wp:attachment":[{"href":"https:\/\/theworldwidejournal.com\/index.php?rest_route=%2Fwp%2Fv2%2Fmedia&parent=164787"}],"wp:term":[{"taxonomy":"category","embeddable":true,"href":"https:\/\/theworldwidejournal.com\/index.php?rest_route=%2Fwp%2Fv2%2Fcategories&post=164787"},{"taxonomy":"post_tag","embeddable":true,"href":"https:\/\/theworldwidejournal.com\/index.php?rest_route=%2Fwp%2Fv2%2Ftags&post=164787"}],"curies":[{"name":"wp","href":"https:\/\/api.w.org\/{rel}","templated":true}]}}