{"id":164791,"date":"2020-10-16T01:43:18","date_gmt":"2020-10-15T23:43:18","guid":{"rendered":"https:\/\/theworldwidejournal.com\/2020\/10\/16\/toque-de-queda-en-paris-frente-a-estado-de-alarma-en-madrid-cual-es-mas-eficaz-cual-mas-restrictiva\/"},"modified":"2020-10-16T01:43:18","modified_gmt":"2020-10-15T23:43:18","slug":"toque-de-queda-en-paris-frente-a-estado-de-alarma-en-madrid-cual-es-mas-eficaz-cual-mas-restrictiva","status":"publish","type":"post","link":"https:\/\/theworldwidejournal.com\/?p=164791","title":{"rendered":"Toque de queda en Par\u00eds frente a estado de alarma en Madrid: \u00bfcu\u00e1l es m\u00e1s eficaz, cu\u00e1l m\u00e1s restrictiva?"},"content":{"rendered":"<p>La pregunta (y la comparaci\u00f3n) es inevitable: la capital gala est\u00e1 bajo \u00abtoque de queda\u00bb durante cuatro semanas; la espa\u00f1ola en estado de alarma durante, al menos, dos. \u00bfCu\u00e1l es el instrumento m\u00e1s eficaz? Y la respuesta, cuando son cient\u00edficos y especialistas los que la dan, no es \u00fanica. No hay consenso sobre que los contextos epid\u00e9micos que atraviesan ambas urbes sean los mismos, aunque, por t\u00e9rmino general, s\u00ed llegan a una conclusi\u00f3n: el toque de queda que recluir\u00e1 a los franceses de nueve grandes ciudades en sus casas desde las 21.00 horas a las 7.00 de la ma\u00f1ana es una herramienta jur\u00eddica m\u00e1s efectista, puede concienciar m\u00e1s a la poblaci\u00f3n y limitar\u00e1 completamente el ocio nocturno (botellones y fiestas, adem\u00e1s de locales), lo que a medio plazo conseguir\u00e1 mejores resultados en el combate contra el virus. El toque de queda preserva la econom\u00eda Tal vez tambi\u00e9n para la econom\u00eda, dice el profesor Arturo Fern\u00e1ndez-Cruz, catedr\u00e1tico de Medicina y presidente de la Fundaci\u00f3n Fern\u00e1ndez-Cruz, quien incide en que \u00abel toque de queda, tal y como se ha formulado en el pa\u00eds vecino, que ahora est\u00e1 a niveles r\u00e9cord de contagio, puede preservar la actividad econ\u00f3mica en niveles aceptables\u00bb. Francisco Guill\u00e9n, director de Medicina Preventiva de la Cl\u00ednica Universidad de Navarra, aduce a que \u00abla transmisi\u00f3n es la misma independientemente de la hora: se transmite igual a las 14.00 horas que a las 20.00, pero si disminuimos el n\u00famero de horas que se puede estar en la calle, se reducen las probabilidades de transmisi\u00f3n, una media que habr\u00eda funcionado en Espa\u00f1a pero ajustada a la diferencia de horarios que existe entre los dos pa\u00edses\u00bb. La herida, en cualquiera de los dos pa\u00edses, supura sobre todo por las costuras de la hosteler\u00eda y la restauraci\u00f3n, con un tejido socioecon\u00f3mico ahogado y, a la postre, el sector que est\u00e1 resultando m\u00e1s afectado, junto al de las salas de fiesta y clubes de ocio nocturno propiamente. La declaraci\u00f3n del estado de alarma para Madrid afecta tambi\u00e9n a la movilidad de las personas (al no permitir salir y entrar desde las nueve grandes ciudades aqu\u00ed con el cierre perimetral decretado), pero deja manga ancha, seg\u00fan los epidemiol\u00f3gos consultados por ABC, a que la cadena de transmisi\u00f3n del coronavirus no se haya roto todav\u00eda. Para estos expertos, el list\u00f3n en que deber\u00edan haberse tomado medidas m\u00e1s dr\u00e1sticas de control del pat\u00f3geno s\u00ed que deber\u00eda ser el mismo en ambas capitales y en las dos \u2013comparten\u2013, las restricciones llegan tarde. Salvador Macip, investigador espa\u00f1ol en la Universidad de Leicester, observa con el prisma que da la distancia: \u00abCreo que las medidas tienen que tomarse en funci\u00f3n de la realidad de cada territorio. No se pueden comparar pa\u00edses. Pero s\u00ed tomar decisiones r\u00e1pidas. Espa\u00f1a est\u00e1 peor en algunas zonas que Francia, y por eso tiene que ser m\u00e1s contundente limitando situaciones de riesgo\u00bb. Seg\u00fan el profesor de Salud P\u00fablica y Medicina Preventiva de la Universidad compostelana (USC) Francisco Caama\u00f1o, \u00abel toque de queda\u00bb ordenado por Emmanuel Macron el pasado mi\u00e9rcoles trae \u00abreminiscencias de guerra\u00bb, por lo que es negativo para la ciudadan\u00eda. Lo \u00fanico que deber\u00eda haberse hecho, en su consideraci\u00f3n, es tomar restricciones en los contactos en las casas y reuniones sociales para frenar la progresi\u00f3n de los contagios. Por el contrario, para el profesor de la Escuela andaluza de Salud P\u00fablica Joan Carles March, \u00abel toque de queda es un golpe de efecto, una forma de que un mando \u00fanico tome las riendas\u00bb. \u00abLas medidas de Francia entran dentro de la l\u00f3gica. M\u00e1s vale tomar medidas duras y luego ir suavizando que subir poco a poco las limitaciones que se ponen en marcha. Si vamos detr\u00e1s del virus nunca conseguiremos a terminar con \u00e9l\u00bb, defiende March. La \u00abtercera v\u00eda\u00bb Entre la medida francesa y la espa\u00f1ola, con Pedro S\u00e1nchez imponiendo el estado de alarma para la capital y ocho municipios de la Comunidad, March escoge el camino del medio.En concreto, la \u00abtercera v\u00eda\u00bb por la que discurre el presidente asturiano, Adri\u00e1n Barb\u00f3n, que al cruzar la barrera de los 200 contagios por 100.000 habitantes en 14 d\u00edas, ha retrasado a toda la comunidad a la fase 2 de la desescalada. Tambi\u00e9n el sistema por fases es el que m\u00e1s convence al vir\u00f3logo Estanislao Nistal, que apunta a que en Espa\u00f1a se lleva reduciendo el ocio nocturno desde finales de agosto y, aun as\u00ed, las infecciones siguen al alza. Por ello, el profesor de Microbiolog\u00eda de la Universidad San Pablo-CEU apunta a que quiz\u00e1 la medida del Ejecutivo franc\u00e9s va m\u00e1s en la l\u00ednea de la facilidad que aporta para controlar y prevenir los botellones o reuniones en parques, fuera de los locales de restauraci\u00f3n. \u00abEn Espa\u00f1a todo lo que sea reducir los momentos sin mascarilla, en lugares cerrados y con personas muy juntas, son m\u00e9todos muy efectivos. Lo que no sea eso, ya depende de las creencias de cada uno, o de que (la medida) d\u00e9 una sensaci\u00f3n\u00bb de control. En un lenguaje m\u00e1s t\u00e9cnico, el profesor em\u00e9rito de Medicina Preventiva Juan Jos\u00e9 Gestal remarca que \u00abesta enfermedad tiene un crecimiento logar\u00edtmico de los casos. Por eso, las medidas son m\u00e1s efectivas cuanto antes se tomen, con incidencias mucho m\u00e1s bajas que las que se fijaron para Madrid\u00bb. A Gestal tambi\u00e9n le gusta m\u00e1s el modelo franc\u00e9s, donde la Administraci\u00f3n central es la que toma medidas estrictas cuando la curva empieza a subir: \u00abLa alerta de nivel 1 salta a partir de 50 casos por 100.000 habitantes en 7 d\u00edas\u00bb. Ya partir de ah\u00ed ya se act\u00faa. De la misma opini\u00f3n es \u00c1ngel Gil de Miguel, catedr\u00e1tico de Salud P\u00fablica de la Universidad Rey Juan Carlos, que ve necesario actuar antes, si bien en su caso apunta a la dificultad que supone tomar medidas como un toque de queda. Eso s\u00ed, avisa, si las restricciones impuestas en Madrid \u00abno funcionan, iremos a medidas m\u00e1s restrictivas\u00bb, incluido el toque de queda. \u00abNos esperan tres meses muy duros\u00bb.<br \/>\nVia: <a href=\"https:\/\/www.abc.es\/sociedad\/abci-toque-queda-paris-frente-estado-alarma-madrid-cual-mas-eficaz-cual-mas-restrictiva-202010160143_noticia.html\" target=\"_blank\">Toque de queda en Par\u00eds frente a estado de alarma en Madrid: \u00bfcu\u00e1l es m\u00e1s eficaz, cu\u00e1l m\u00e1s restrictiva?<\/a><\/p>\n","protected":false},"excerpt":{"rendered":"<p>La pregunta (y la comparaci\u00f3n) es inevitable: la capital gala est\u00e1 bajo \u00abtoque de queda\u00bb durante cuatro semanas; la espa\u00f1ola en estado de alarma durante, al menos, dos. \u00bfCu\u00e1l es el instrumento m\u00e1s eficaz? Y la respuesta, cuando son cient\u00edficos y especialistas los que la dan, no es \u00fanica. No [&hellip;]<\/p>\n","protected":false},"author":2,"featured_media":164792,"comment_status":"open","ping_status":"closed","sticky":false,"template":"","format":"standard","meta":{"footnotes":""},"categories":[6],"tags":[],"class_list":["post-164791","post","type-post","status-publish","format-standard","has-post-thumbnail","hentry","category-spanish"],"_links":{"self":[{"href":"https:\/\/theworldwidejournal.com\/index.php?rest_route=\/wp\/v2\/posts\/164791","targetHints":{"allow":["GET"]}}],"collection":[{"href":"https:\/\/theworldwidejournal.com\/index.php?rest_route=\/wp\/v2\/posts"}],"about":[{"href":"https:\/\/theworldwidejournal.com\/index.php?rest_route=\/wp\/v2\/types\/post"}],"author":[{"embeddable":true,"href":"https:\/\/theworldwidejournal.com\/index.php?rest_route=\/wp\/v2\/users\/2"}],"replies":[{"embeddable":true,"href":"https:\/\/theworldwidejournal.com\/index.php?rest_route=%2Fwp%2Fv2%2Fcomments&post=164791"}],"version-history":[{"count":0,"href":"https:\/\/theworldwidejournal.com\/index.php?rest_route=\/wp\/v2\/posts\/164791\/revisions"}],"wp:featuredmedia":[{"embeddable":true,"href":"https:\/\/theworldwidejournal.com\/index.php?rest_route=\/wp\/v2\/media\/164792"}],"wp:attachment":[{"href":"https:\/\/theworldwidejournal.com\/index.php?rest_route=%2Fwp%2Fv2%2Fmedia&parent=164791"}],"wp:term":[{"taxonomy":"category","embeddable":true,"href":"https:\/\/theworldwidejournal.com\/index.php?rest_route=%2Fwp%2Fv2%2Fcategories&post=164791"},{"taxonomy":"post_tag","embeddable":true,"href":"https:\/\/theworldwidejournal.com\/index.php?rest_route=%2Fwp%2Fv2%2Ftags&post=164791"}],"curies":[{"name":"wp","href":"https:\/\/api.w.org\/{rel}","templated":true}]}}