{"id":164861,"date":"2020-10-16T14:21:29","date_gmt":"2020-10-16T12:21:29","guid":{"rendered":"https:\/\/theworldwidejournal.com\/2020\/10\/16\/ayuso-escribe-a-la-union-europea-solicitando-los-controles-en-barajas-que-le-niega-sanchez\/"},"modified":"2020-10-16T14:21:29","modified_gmt":"2020-10-16T12:21:29","slug":"ayuso-escribe-a-la-union-europea-solicitando-los-controles-en-barajas-que-le-niega-sanchez","status":"publish","type":"post","link":"https:\/\/theworldwidejournal.com\/?p=164861","title":{"rendered":"Ayuso escribe a la Uni\u00f3n Europea solicitando los controles en Barajas que le niega S\u00e1nchez"},"content":{"rendered":"<p>La presidenta regional madrile\u00f1a, Isabel D\u00edaz Ayuso, ha escrito una carta a la presidenta de la Comisi\u00f3n Europea, \u00darsula von der Leyen, en la que le solicita una normativa com\u00fan para todos los aeropuertos europeos, y evitar la expansi\u00f3n del Covid-19. De este modo, la jefa del Ejecutivo regional lleva a Europa su petici\u00f3n, reiterada decenas de veces, para que el Gobierno espa\u00f1ol incluya controles m\u00e1s severos en el aeropuerto de Madrid Barajas. En su misiva, que Ayuso env\u00eda directamente a Europa salt\u00e1ndose al presidente espa\u00f1ol, la presidenta madrile\u00f1a se dirige a Von der Leyen como \u00abpresidenta de una de las regiones m\u00e1s afectadas en Europa por la segunda ola del Covid-19\u00bb. Se\u00f1ala que cree que se est\u00e1 \u00aba\u00fan a tiempo de mejorar uno de los principales corredores para el virus\u00bb, que son los movimientos entre ciudades \u00aby especialmente los aeropuertos\u00bb. En ese sentido, se\u00f1ala que la incidencia de la pandemia en la regi\u00f3n madrile\u00f1a \u00abfue baja hasta que el aeropuerto de Madrid Barajas fue reabierto, en julio\u00bb y desde entonces ha ido creciendo hasta \u00abalcanzar su pico en septiembre\u00bb. Contin\u00faa se\u00f1alando que \u00abnuestros expertos manifiestan que el Covid -19 entr\u00f3 en Espa\u00f1a a trav\u00e9s del aeropuerto de Madrid Barajas\u00bb, y cifra en 700 los casos que los responsables regionales de Sanidad estiman que han sido importados por esta v\u00eda desde mayo. Muchos, recuerda, han sido asintom\u00e1ticos, pero \u00abnuestro sistema de salud p\u00fablifca ha identificado a 159 positivos a trav\u00e9s de pruebas PCR\u00bb, todos con s\u00edntomas que \u00abno hab\u00edan sido detectados en el protocolo del aeropuerto\u00bb. Por estas y otras razones, Ayuso le pide que considere \u00abuna regulaci\u00f3n com\u00fan para el espacio a\u00e9reo europeo\u00bb en busca de medidas de control del Covid. \u00abPara asegurar las condiciones de salud p\u00fablica necesarias para todos los ciudadanos europeos, creo que es importante que cada aeropuerto, o al menos los internacionales, apliquen protocolos homog\u00e9neos para prevenir la expansi\u00f3n de la pandemia\u00bb. Carta \u00edntegra de Ayuso a Von der Leyen \u00abEstimada Sra. Von Der Leyen: En primer lugar, me gustar\u00eda desear mis mejores deseos para usted y su equipo, especialmente para los afectados por Covid19. Como presidenta de una de las regiones m\u00e1s afectadas de Europa por esta segunda ola de Covid19, creo que todos estamos a tiempo de mejorar una de las principales v\u00edas de transmisi\u00f3n de este virus: los movimientos entre pa\u00edses, y especialmente los aeropuertos. Como sabr\u00e1s, la incidencia de la pandemia en nuestra regi\u00f3n fue baja hasta la reapertura de Madrid-Barajas en julio. Desde entonces, ha ido aumentando progresivamente hasta alcanzar su punto m\u00e1ximo en septiembre. Nuestros expertos afirman que el Covid19 entr\u00f3 en Espa\u00f1a por Madrid-Barajas. La Consejer\u00eda de Sanidad de la Comunidad de Madrid estima que desde mayo se han importado m\u00e1s de 700 casos a trav\u00e9s de este aeropuerto. La mayor\u00eda de ellos eran asintom\u00e1ticos, pero nuestro sistema de salud identific\u00f3 159 con PCR positiva, todos con s\u00edntomas que coincid\u00edan con Covid19 y no fueron detectados en el protocolo del aeropuerto. Casi el 74% de los casos importados ocurrieron durante julio y agosto, cuando el Covid19 estaba controlado en Espa\u00f1a. Por ello, me gustar\u00eda pedirles que consideren una regulaci\u00f3n com\u00fan para el espacio a\u00e9reo europeo con respecto a las medidas de control de Covid19, en l\u00ednea con las recomendaciones hechas p\u00fablicas en el Protocolo de Aviaci\u00f3n Saludable Covid19 de la EASA y ECD. Para garantizar las condiciones de salud p\u00fablica necesarias para todos los ciudadanos europeos, creo que es importante que todos los aeropuertos, o al menos los internacionales, apliquen protocolos homog\u00e9neos para evitar la expansi\u00f3n de la pandemia a trav\u00e9s de fronteras. Garantizar las condiciones de seguridad en nuestras fronteras es una preocupaci\u00f3n para mi Gobierno porque estamos seguros de que puede ayudar no solo a gestionar la pandemia, sino tambi\u00e9n a reactivar la econom\u00eda espa\u00f1ola, la m\u00e1s afectada por esta crisis. No dude en ponerse en contacto conmigo para este o cualquier otro tema en el que la Comunidad de Madrid pueda ayudar a superar esta crisis. Reciba un cordial saludo, Isabel D\u00edaz Ayuso, presidenta de la Comunidad de Madrid.\u00bb<br \/>\nVia: <a href=\"https:\/\/www.abc.es\/espana\/madrid\/abci-ayuso-escribe-union-europea-solicitando-controles-barajas-niega-sanchez-202010161421_noticia.html\" target=\"_blank\">Ayuso escribe a la Uni\u00f3n Europea solicitando los controles en Barajas que le niega S\u00e1nchez<\/a><\/p>\n","protected":false},"excerpt":{"rendered":"<p>La presidenta regional madrile\u00f1a, Isabel D\u00edaz Ayuso, ha escrito una carta a la presidenta de la Comisi\u00f3n Europea, \u00darsula von der Leyen, en la que le solicita una normativa com\u00fan para todos los aeropuertos europeos, y evitar la expansi\u00f3n del Covid-19. De este modo, la jefa del Ejecutivo regional lleva [&hellip;]<\/p>\n","protected":false},"author":2,"featured_media":164862,"comment_status":"open","ping_status":"closed","sticky":false,"template":"","format":"standard","meta":{"footnotes":""},"categories":[6],"tags":[],"class_list":["post-164861","post","type-post","status-publish","format-standard","has-post-thumbnail","hentry","category-spanish"],"_links":{"self":[{"href":"https:\/\/theworldwidejournal.com\/index.php?rest_route=\/wp\/v2\/posts\/164861","targetHints":{"allow":["GET"]}}],"collection":[{"href":"https:\/\/theworldwidejournal.com\/index.php?rest_route=\/wp\/v2\/posts"}],"about":[{"href":"https:\/\/theworldwidejournal.com\/index.php?rest_route=\/wp\/v2\/types\/post"}],"author":[{"embeddable":true,"href":"https:\/\/theworldwidejournal.com\/index.php?rest_route=\/wp\/v2\/users\/2"}],"replies":[{"embeddable":true,"href":"https:\/\/theworldwidejournal.com\/index.php?rest_route=%2Fwp%2Fv2%2Fcomments&post=164861"}],"version-history":[{"count":0,"href":"https:\/\/theworldwidejournal.com\/index.php?rest_route=\/wp\/v2\/posts\/164861\/revisions"}],"wp:featuredmedia":[{"embeddable":true,"href":"https:\/\/theworldwidejournal.com\/index.php?rest_route=\/wp\/v2\/media\/164862"}],"wp:attachment":[{"href":"https:\/\/theworldwidejournal.com\/index.php?rest_route=%2Fwp%2Fv2%2Fmedia&parent=164861"}],"wp:term":[{"taxonomy":"category","embeddable":true,"href":"https:\/\/theworldwidejournal.com\/index.php?rest_route=%2Fwp%2Fv2%2Fcategories&post=164861"},{"taxonomy":"post_tag","embeddable":true,"href":"https:\/\/theworldwidejournal.com\/index.php?rest_route=%2Fwp%2Fv2%2Ftags&post=164861"}],"curies":[{"name":"wp","href":"https:\/\/api.w.org\/{rel}","templated":true}]}}