{"id":164863,"date":"2020-10-16T13:59:18","date_gmt":"2020-10-16T11:59:18","guid":{"rendered":"https:\/\/theworldwidejournal.com\/2020\/10\/16\/el-tsjc-avala-las-nuevas-restricciones-de-la-generalitat-frente-al-covid\/"},"modified":"2020-10-16T13:59:18","modified_gmt":"2020-10-16T11:59:18","slug":"el-tsjc-avala-las-nuevas-restricciones-de-la-generalitat-frente-al-covid","status":"publish","type":"post","link":"https:\/\/theworldwidejournal.com\/?p=164863","title":{"rendered":"El TSJC avala las nuevas restricciones de la Generalitat frente al Covid"},"content":{"rendered":"<p>La sala contenciosa del Tribunal Superior de Justicia de Catalu\u00f1a (TSJC) ha autorizado las medidas decretadas por la Consejer\u00eda de Salud de la Generalitat para contener la segunda ola de contagios por coronavirus. Al afectar algunas medidas planteadas a derechos fundamentales -como limitar las reuniones a un m\u00e1ximo de seis personas o la suspensi\u00f3n de la actividad presencial en universidades y reducci\u00f3n de los aforos en espacios de cultos-, la iniciativa del gobierno catal\u00e1n necesitaba del aval judicial, seg\u00fan ha informado este viernes el TSJC. La resoluci\u00f3n cuenta con un voto particular en contra. Las nuevas restricciones decretadas por el Govern para la contenci\u00f3n de la Covid, entre las que tambi\u00e9n se incluyen el cierre de bares y restaurantes, han entrado en vigor despu\u00e9s de publicarse esta madrugada en el Diario Oficial de la Generalitat de Catalu\u00f1a (DOGC), a excepci\u00f3n de tres apartados que estaban condicionados a la autorizaci\u00f3n previa por parte del TSJC.<br \/>\nVia: <a href=\"https:\/\/www.abc.es\/espana\/catalunya\/abci-tsjc-avala-restricciones-generalitat-frente-covid-202010161359_noticia.html\" target=\"_blank\">El TSJC avala las nuevas restricciones de la Generalitat frente al Covid<\/a><\/p>\n","protected":false},"excerpt":{"rendered":"<p>La sala contenciosa del Tribunal Superior de Justicia de Catalu\u00f1a (TSJC) ha autorizado las medidas decretadas por la Consejer\u00eda de Salud de la Generalitat para contener la segunda ola de contagios por coronavirus. Al afectar algunas medidas planteadas a derechos fundamentales -como limitar las reuniones a un m\u00e1ximo de seis [&hellip;]<\/p>\n","protected":false},"author":2,"featured_media":164864,"comment_status":"open","ping_status":"closed","sticky":false,"template":"","format":"standard","meta":{"footnotes":""},"categories":[6],"tags":[],"class_list":["post-164863","post","type-post","status-publish","format-standard","has-post-thumbnail","hentry","category-spanish"],"_links":{"self":[{"href":"https:\/\/theworldwidejournal.com\/index.php?rest_route=\/wp\/v2\/posts\/164863","targetHints":{"allow":["GET"]}}],"collection":[{"href":"https:\/\/theworldwidejournal.com\/index.php?rest_route=\/wp\/v2\/posts"}],"about":[{"href":"https:\/\/theworldwidejournal.com\/index.php?rest_route=\/wp\/v2\/types\/post"}],"author":[{"embeddable":true,"href":"https:\/\/theworldwidejournal.com\/index.php?rest_route=\/wp\/v2\/users\/2"}],"replies":[{"embeddable":true,"href":"https:\/\/theworldwidejournal.com\/index.php?rest_route=%2Fwp%2Fv2%2Fcomments&post=164863"}],"version-history":[{"count":0,"href":"https:\/\/theworldwidejournal.com\/index.php?rest_route=\/wp\/v2\/posts\/164863\/revisions"}],"wp:featuredmedia":[{"embeddable":true,"href":"https:\/\/theworldwidejournal.com\/index.php?rest_route=\/wp\/v2\/media\/164864"}],"wp:attachment":[{"href":"https:\/\/theworldwidejournal.com\/index.php?rest_route=%2Fwp%2Fv2%2Fmedia&parent=164863"}],"wp:term":[{"taxonomy":"category","embeddable":true,"href":"https:\/\/theworldwidejournal.com\/index.php?rest_route=%2Fwp%2Fv2%2Fcategories&post=164863"},{"taxonomy":"post_tag","embeddable":true,"href":"https:\/\/theworldwidejournal.com\/index.php?rest_route=%2Fwp%2Fv2%2Ftags&post=164863"}],"curies":[{"name":"wp","href":"https:\/\/api.w.org\/{rel}","templated":true}]}}