{"id":20722,"date":"1970-01-01T01:00:00","date_gmt":"1970-01-01T00:00:00","guid":{"rendered":"https:\/\/theworldwidejournal.com\/1970\/01\/01\/el-tad-destituye-a-angel-maria-villar-y-obliga-a-convocar-elecciones\/"},"modified":"1970-01-01T01:00:00","modified_gmt":"1970-01-01T00:00:00","slug":"el-tad-destituye-a-angel-maria-villar-y-obliga-a-convocar-elecciones","status":"publish","type":"post","link":"https:\/\/theworldwidejournal.com\/?p=20722","title":{"rendered":"El TAD destituye a \u00c1ngel Mar\u00eda Villar y obliga a convocar elecciones"},"content":{"rendered":"<p>El Tribunal de Arbitraje para el Deporte ha decidido destituir a \u00c1ngel Mar\u00eda Villar, presidente de la Federaci\u00f3n Espa\u00f1ola de F\u00fatbol, que se encontraba suspendido de sus funciones desde que fuera detenido en el marco de la Operaci\u00f3n Soule. Seg\u00fan ha adelantado Onda Cero, Juan Luis Larrea, vicepresidene de la Federaci\u00f3n y presidente en funciones, se har\u00e1 cargo de la gestora que dirigir\u00e1 el organismo hasta la convocatoria electoral. La destituci\u00f3n se produce tras estudiar el TAD la denuncia presentada por el antiguo candidato Miguel \u00c1ngel Gal\u00e1n, presidente de la Escuela Nacional de Entrenadores (CENAFE), ante la Comisi\u00f3n Electoral en la que denunciaba la falta de neutralidad en las pasadas elecciones, al haber ejercido como presidente de la Comisi\u00f3n Gestora durante el \u00faltimo proceso electoral mientras optaba a ser reelegido. Para la instructora del expediente, Cristina Pedrosa, qued\u00f3 acreditado que la actuaci\u00f3n de Villar supuso una infracci\u00f3n de las previstas en la Ley del Deporte (art\u00edculo 76.2. a) y considerada \u00abcomo muy grave\u00bb por haber vulnerado el deber de neutralidad de la Comisi\u00f3n Gestora previsto en el Reglamento Electoral. \u00abUna vez convocadas las elecciones a la RFEF por su entonces presidente, el d\u00eda 13 de febrero de 2017, \u00e9ste pas\u00f3 a ocupar la presidencia de la comisi\u00f3n Gestora. Siendo presidente de dicha Comisi\u00f3n Gestora y sin cesar de la misma llev\u00f3 a cabo numerosas actividades dirigidas a publicitar y promover su condici\u00f3n de candidato a la presidencia de la RFEF y a captar el apoyo para su candidatura\u00bb, se\u00f1al\u00f3 la instructora en su propuesta de destituci\u00f3n. Inhabilitado en julio Villar fue inhabilitado por el CSD el pasado mes de julio mientras se encontraba en prisi\u00f3n preventina por las invetigaciones de la Operaci\u00f3n Soule, una causa en la que el ya expresidente est\u00e1 acusado de administraci\u00f3n desleal, apropiaci\u00f3n indebida, corrupci\u00f3n entre particulares y falsedad documental. Villar sali\u00f3 de prisi\u00f3n tras pagar la fianza exigida de 300.000 euros. En los \u00faltimos d\u00edas ha incrementado sus apariciones p\u00fablicas en medios de comunicaci\u00f3n, y dio una multitudinaria rueda de prensa el pasado lunes en Madrid en la que defendi\u00f3 su inocencia y reiter\u00f3 la amenaza de que la selecci\u00f3n espa\u00f1ola se quede fuera del pr\u00f3ximo Mundial de Rusia si el Gobierno, representado por el CSD, se sigue involucrando en los asuntos de la Federaci\u00f3n Espa\u00f1ola de F\u00fatbol. Tras su salida de la c\u00e1rcel, y pese a estar inhabilitado, Villar no ha dejado de acudir a la Federaci\u00f3n en la que ya ejerc\u00eda como presidente interino Juan Luis Larrea. De hecho, el expresidente se present\u00f3 en la tradicional comida de Navidad del organismo federativo pese a que no estaba invitado.<br \/>\nVia: <a href=\"http:\/\/www.abc.es\/deportes\/futbol\/abci-federacion-espanola-destituye-villar-y-obliga-convocar-elecciones-201712221824_noticia.html\" target=\"_blank\">El TAD destituye a \u00c1ngel Mar\u00eda Villar y obliga a convocar elecciones<\/a><\/p>\n","protected":false},"excerpt":{"rendered":"<p>El Tribunal de Arbitraje para el Deporte ha decidido destituir a \u00c1ngel Mar\u00eda Villar, presidente de la Federaci\u00f3n Espa\u00f1ola de F\u00fatbol, que se encontraba suspendido de sus funciones desde que fuera detenido en el marco de la Operaci\u00f3n Soule. Seg\u00fan ha adelantado Onda Cero, Juan Luis Larrea, vicepresidene de la [&hellip;]<\/p>\n","protected":false},"author":2,"featured_media":20723,"comment_status":"open","ping_status":"closed","sticky":false,"template":"","format":"standard","meta":{"footnotes":""},"categories":[6],"tags":[],"class_list":["post-20722","post","type-post","status-publish","format-standard","has-post-thumbnail","hentry","category-spanish"],"_links":{"self":[{"href":"https:\/\/theworldwidejournal.com\/index.php?rest_route=\/wp\/v2\/posts\/20722","targetHints":{"allow":["GET"]}}],"collection":[{"href":"https:\/\/theworldwidejournal.com\/index.php?rest_route=\/wp\/v2\/posts"}],"about":[{"href":"https:\/\/theworldwidejournal.com\/index.php?rest_route=\/wp\/v2\/types\/post"}],"author":[{"embeddable":true,"href":"https:\/\/theworldwidejournal.com\/index.php?rest_route=\/wp\/v2\/users\/2"}],"replies":[{"embeddable":true,"href":"https:\/\/theworldwidejournal.com\/index.php?rest_route=%2Fwp%2Fv2%2Fcomments&post=20722"}],"version-history":[{"count":0,"href":"https:\/\/theworldwidejournal.com\/index.php?rest_route=\/wp\/v2\/posts\/20722\/revisions"}],"wp:featuredmedia":[{"embeddable":true,"href":"https:\/\/theworldwidejournal.com\/index.php?rest_route=\/wp\/v2\/media\/20723"}],"wp:attachment":[{"href":"https:\/\/theworldwidejournal.com\/index.php?rest_route=%2Fwp%2Fv2%2Fmedia&parent=20722"}],"wp:term":[{"taxonomy":"category","embeddable":true,"href":"https:\/\/theworldwidejournal.com\/index.php?rest_route=%2Fwp%2Fv2%2Fcategories&post=20722"},{"taxonomy":"post_tag","embeddable":true,"href":"https:\/\/theworldwidejournal.com\/index.php?rest_route=%2Fwp%2Fv2%2Ftags&post=20722"}],"curies":[{"name":"wp","href":"https:\/\/api.w.org\/{rel}","templated":true}]}}