{"id":24935,"date":"1970-01-01T01:00:00","date_gmt":"1970-01-01T00:00:00","guid":{"rendered":"https:\/\/theworldwidejournal.com\/1970\/01\/01\/el-nuevo-sanchez-hacerse-el-rajoy-y-agenda-social\/"},"modified":"1970-01-01T01:00:00","modified_gmt":"1970-01-01T00:00:00","slug":"el-nuevo-sanchez-hacerse-el-rajoy-y-agenda-social","status":"publish","type":"post","link":"https:\/\/theworldwidejournal.com\/?p=24935","title":{"rendered":"El \u00abnuevo\u00bb S\u00e1nchez: \u00abhacerse el Rajoy\u00bb y agenda social"},"content":{"rendered":"<p>Ni las elecciones catalanas ni el balance de un convulso a\u00f1o pol\u00edtico merecieron la comparecencia del l\u00edder de la oposici\u00f3n antes de que acabara 2017. La direcci\u00f3n socialista decidi\u00f3 hace un mes que, salvo que el resultado del 21-O fuera manifiestamente bueno para Miquel Iceta, Pedro S\u00e1nchez no dar\u00eda la cara. Mutismo absoluto: para valorar los (malos) resultados del PSC o para replicar a Mariano Rajoy en su (triunfal) comparecencia de fin de a\u00f1o. Aunque no todos en el partido est\u00e1n de acuerdo, el l\u00edder socialista, que a lo largo de su carrera siempre ha apostado por una exposici\u00f3n m\u00e1xima (en especial cuando intent\u00f3 el asalto a La Moncloa en 2016), ha optado por mantenerse a la expectativa. No se trata de desaparecer, pero s\u00ed de medir los pasos. Seg\u00fan fuentes socialistas, el objetivo de Ferraz es dejar \u00abque hablen otros\u00bb, esperando su oportunidad sin desgastarse. Lo que se traduce en escogidas apariciones, con la agenda social como argumento. Desde el equipo socialista se compara la nueva l\u00ednea de actuaci\u00f3n del secretario general con la que se ha convertido en se\u00f1a de identidad del actual presidente. \u00abAhora somos nosotros los que hacemos de Rajoy\u00bb, comenta con sorna un cargo del PSOE, en referencia a la vocaci\u00f3n del l\u00edder del PP, asesorado por su \u00abgur\u00fa\u00bb Pedro Arriola, de dejar que sean otros los que se quemen o cometan errores, reserv\u00e1ndose \u00e9l la capitalizaci\u00f3n de los asuntos m\u00e1s \u00abmedi\u00e1ticos y con menos aristas\u00bb. S\u00e1nchez ha decidido escabullirse de los medios de comunicaci\u00f3n y evitar las ruedas de Prensa, contadas desde que gan\u00f3 las primarias hace ocho meses. A cambio, ha hallado la forma de copar titulares y captar el inter\u00e9s sin necesidad de someterse a preguntas inc\u00f3modas: ha decidido limitar su presencia a la rentabilizaci\u00f3n de propuestas sociales, terreno en el que quiere conectar con el voto m\u00e1s de izquierda, para seguir ara\u00f1ando fieles a Podemos. Por ello, decidi\u00f3 romper su silencio hace dos semanas en el Foro de Nueva Econom\u00eda para defender un plan, que luego levant\u00f3 pol\u00e9mica, de crear un impuesto a la banca que soporte las futuras pensiones. Adem\u00e1s, aprovech\u00f3 su comparecencia para hablar de los diez grandes acuerdos de pa\u00eds en los que est\u00e1 trabajando su equipo. Dijo S\u00e1nchez que quiere \u00abliderar Espa\u00f1a desde la oposici\u00f3n\u00bb, una manera de dejar claro que el foco del \u00abd\u00eda a d\u00eda\u00bb se lo deja al Gobierno, sobre todo si ese \u00abd\u00eda a d\u00eda\u00bb est\u00e1 enredado en el laberinto catal\u00e1n. Hasta el punto de que ha tenido que renunciar a su idea de la Espa\u00f1a plurinacional. La nueva estrategia de comunicaci\u00f3n se basa en la constataci\u00f3n de que un partido en la oposici\u00f3n y alternativa de Gobierno como el PSOE ya demostr\u00f3 su responsabilidad durante la crisis del refer\u00e9ndum ilegal de Puigdemont y la declaraci\u00f3n de independencia. Entonces, en su versi\u00f3n m\u00e1s institucional, apoy\u00f3 a Mariano Rajoy avalando la puesta en pr\u00e1ctica del art\u00edculo 155 de la Constituci\u00f3n, aunque \u00abcontrolando la onda expansiva\u00bb y limitando el tiempo de aplicaci\u00f3n a la convocatoria electoral. Pero la conclusi\u00f3n socialista es que el desaf\u00edo independentista con las derivas judiciales actuales no favorece pol\u00edticamente a un partido que ha intentado nadar y guardar la ropa. Un colaborador se\u00f1ala que el l\u00edder socialista ha interiorizado, por consejo de su equipo m\u00e1s cercano, que su constante presencia en los medios y sus vehementes mensajes, fundamentalmente durante la fallida legislatura del a\u00f1o 2016, fueron un error de imagen, que le cost\u00f3 adem\u00e1s el enfrentamiento con los barones socialistas. Entonces, explica esa misma fuente, \u00abllevar la iniciativa favoreci\u00f3 a Rajoy y perjudic\u00f3 al PSOE\u00bb, sobre todo con mensajes tan poco emp\u00e1ticos como el \u00abno es no\u00bb y los desaires a La Moncloa. \u00abNosotros siempre apost\u00e1bamos por ir un paso por delante y hablar, y quiz\u00e1 nos precipitamos tras el 20-D\u00bb. Luego vendr\u00eda la lucha intestina para ganar las primarias a Susana D\u00edaz. Cuando el 21 de mayo S\u00e1nchez volvi\u00f3 a revalidar la Secretar\u00eda General decidi\u00f3 cambiar radicalmente su comunicaci\u00f3n p\u00fablica. Tanto es as\u00ed, reconocen en Ferraz, que la estrategia de la prudencia est\u00e1 siendo positiva y \u00abson otros los que se ponen nerviosos\u00bb, en referencia a los rifirrafes entre el PP y Ciudadanos, y las constantes pullas de Pablo Iglesias, la \u00faltima reprochando a S\u00e1nchez que \u00abcopiara\u00bb su propuesta sobre las pensiones, iniciativa que se apresur\u00f3 a registrar en el Congreso. No obstante, tambi\u00e9n entre algunos socialistas se alzan voces contrarias al nuevo \u00abarriolismo\u00bb de S\u00e1nchez, dado que no entienden que un jefe de la oposici\u00f3n que carece de esca\u00f1o en el Congreso, y por tanto con una visibilidad mermada, desaproveche la oportunidades para trasladar su discurso a la opini\u00f3n p\u00fablica \u00aby contraatacar a la derecha\u00bb. M\u00e1xime, cuando las encuestas alertan del ascenso de Albert Rivera, y no solo a costa del PP sino de los socialistas. Un cargo del PSOE s\u00ed elogia el acierto de replegarse puesto que as\u00ed se \u00abvisualizan m\u00e1s los errores de Podemos, con grave d\u00e9ficit de credibilidad tras apoyar a los independentistas\u00bb.<br \/>\nVia: <a href=\"http:\/\/www.abc.es\/espana\/abci-nuevo-sanchez-hacerse-rajoy-y-agenda-social-201801210140_noticia.html\" target=\"_blank\">El \u00abnuevo\u00bb S\u00e1nchez: \u00abhacerse el Rajoy\u00bb y agenda social<\/a><\/p>\n","protected":false},"excerpt":{"rendered":"<p>Ni las elecciones catalanas ni el balance de un convulso a\u00f1o pol\u00edtico merecieron la comparecencia del l\u00edder de la oposici\u00f3n antes de que acabara 2017. La direcci\u00f3n socialista decidi\u00f3 hace un mes que, salvo que el resultado del 21-O fuera manifiestamente bueno para Miquel Iceta, Pedro S\u00e1nchez no dar\u00eda la [&hellip;]<\/p>\n","protected":false},"author":2,"featured_media":24936,"comment_status":"open","ping_status":"closed","sticky":false,"template":"","format":"standard","meta":{"footnotes":""},"categories":[6],"tags":[],"class_list":["post-24935","post","type-post","status-publish","format-standard","has-post-thumbnail","hentry","category-spanish"],"_links":{"self":[{"href":"https:\/\/theworldwidejournal.com\/index.php?rest_route=\/wp\/v2\/posts\/24935","targetHints":{"allow":["GET"]}}],"collection":[{"href":"https:\/\/theworldwidejournal.com\/index.php?rest_route=\/wp\/v2\/posts"}],"about":[{"href":"https:\/\/theworldwidejournal.com\/index.php?rest_route=\/wp\/v2\/types\/post"}],"author":[{"embeddable":true,"href":"https:\/\/theworldwidejournal.com\/index.php?rest_route=\/wp\/v2\/users\/2"}],"replies":[{"embeddable":true,"href":"https:\/\/theworldwidejournal.com\/index.php?rest_route=%2Fwp%2Fv2%2Fcomments&post=24935"}],"version-history":[{"count":0,"href":"https:\/\/theworldwidejournal.com\/index.php?rest_route=\/wp\/v2\/posts\/24935\/revisions"}],"wp:featuredmedia":[{"embeddable":true,"href":"https:\/\/theworldwidejournal.com\/index.php?rest_route=\/wp\/v2\/media\/24936"}],"wp:attachment":[{"href":"https:\/\/theworldwidejournal.com\/index.php?rest_route=%2Fwp%2Fv2%2Fmedia&parent=24935"}],"wp:term":[{"taxonomy":"category","embeddable":true,"href":"https:\/\/theworldwidejournal.com\/index.php?rest_route=%2Fwp%2Fv2%2Fcategories&post=24935"},{"taxonomy":"post_tag","embeddable":true,"href":"https:\/\/theworldwidejournal.com\/index.php?rest_route=%2Fwp%2Fv2%2Ftags&post=24935"}],"curies":[{"name":"wp","href":"https:\/\/api.w.org\/{rel}","templated":true}]}}