{"id":24937,"date":"1970-01-01T01:00:00","date_gmt":"1970-01-01T00:00:00","guid":{"rendered":"https:\/\/theworldwidejournal.com\/1970\/01\/01\/eichmann-en-bruselas\/"},"modified":"1970-01-01T01:00:00","modified_gmt":"1970-01-01T00:00:00","slug":"eichmann-en-bruselas","status":"publish","type":"post","link":"https:\/\/theworldwidejournal.com\/?p=24937","title":{"rendered":"\u00abEichmann en Bruselas\u00bb"},"content":{"rendered":"<p>Aunque nada es descartable en alguien tan inestable y avinagrado, lo m\u00e1s probable es que Carles Puigdemont no intente volver a Espa\u00f1a para su investidura, muy a pesar de los m\u00e1s rocambolescos planes que contin\u00faa comentando con quien quiera escucharle. Si primero tuvo la ocurrencia de ocultarse en el maletero de un coche, luego especul\u00f3 con la v\u00eda mar\u00edtima, para finalmente infiltrarse en el Parlament a lo Carrillo. Todo muy loco, aunque no tan extra\u00f1o si recordamos que una de sus principales aficiones es disfrazarse de nigromante y que su mujer es tarotista. Pero como suele suceder, el delirio no viene nunca solo y la paranoia siempre le acompa\u00f1a. En los \u00faltimos d\u00edas, Puigdemont ya no se f\u00eda ni de su sombra y cree y cuenta que Espa\u00f1a planea secuestrarle para llevarle ante la Justicia. Ha llegado a comparar su caso con el de Israel contra Eichmann, situ\u00e1ndose torpemente en el m\u00e1s oscuro lado de la met\u00e1fora -y de la Historia-. En este mismo sentido, y por esta misma torpeza, la comunidad jud\u00eda le reproch\u00f3 la semana pasada, por irrespetuoso y fr\u00edvolo, que usara im\u00e1genes de Hitler y de la Segunda Guerra Mundial para ilustrar sus circunstancias personales. Un juguete roto Pero dejando a un lado delirios y paranoias, lo cierto es que hasta su entorno pol\u00edtico m\u00e1s cercano le da ya por amortizado, habla de \u00e9l en pasado, y su debate es sobre c\u00f3mo se reparten el bot\u00edn. Semejante traici\u00f3n, tan burda y pronta, es m\u00e1s f\u00e1cil de entender si consideramos que, de hecho, Puigdemont no ten\u00eda entorno. \u00bfQu\u00e9 entorno ha de tener un alcalde de provincia de veraneo? Mas y Homs le crearon uno para tenerle controlado y ahora que ya le han exprimido como candidato, Mas y Homs y sus muchachos le dejar\u00e1n tirado como a un juguete roto. Y muy lejos de casa. La \u00fanica duda de Junts per Catalu\u00f1a (y del PDECat, en la breve medida en la que le dejan participar del debate) es si dar el \u00abcambiazo\u00bb antes o despu\u00e9s de la sesi\u00f3n de investidura. El \u00abcambiazo\u00bb del tan prometido Puigdemont -su \u00fanica promesa electoral es que votarle servir\u00eda para que volviera a Espa\u00f1a y recuperara la presidencia de la Generalitat- por otro diputado de Junts per Catalu\u00f1a, preferentemente Elsa Artadi o Eduard Pujol. El primer plan es el que prefieren el PDECat, Esquerra y hasta el Gobierno, y es que el farol dure hasta justo antes de romper la porcelana, y que finalmente no se rompa. El \u00abcambiazo\u00bb de Puigdemont ser\u00eda aceptado por Esquerra, que con Junqueras encarcelado, Marta Rovira con su escaso sentido pol\u00edtico y un equilibrio emocional y mental muy parecido al de Puigdemont, han renunciado a la hegemon\u00eda dentro del catalanismo y prefieren seguir viviendo en la zona de confort de su complejo de inferioridad respecto de los convergentes, y en la comodidad de continuar mintiendo a sus votantes para no incomodarlos, en lugar de liderarlos dici\u00e9ndoles la verdad y convoc\u00e1ndolos a crecer como ciudadanos capaces de asumir cualquier reto. Es su opci\u00f3n y son libres. Pero si regalan su capital pol\u00edtico luego no podr\u00e1n exigirle a nadie que les tome en serio. El segundo plan -si el nuevo presidente del Parlament, Roger Torrent, permite violentar el reglamento de la instituci\u00f3n hasta tal punto, que est\u00e1 por ver- es el que preferir\u00eda Puigdemont para mantener viva la llama de su s\u00edmbolo, y consistir\u00eda en que una persona interpuesta leyera su discurso de investidura. Esta persona interpuesta ser\u00e1 Elsa Artadi, de modo que en la segunda votaci\u00f3n, despu\u00e9s de que Puigdemont fuera borrado por el Constitucional (el Gobierno quiere no llegar a ello, precisamente para evitar el desgaste simb\u00f3lico que sufrir\u00eda) tenga el camino allanado para proponerse como relevo. \u00abEl presidente leg\u00edtimo me design\u00f3 para leer su discurso, pero como Espa\u00f1a no es un pa\u00eds democr\u00e1tico y una vez m\u00e1s nos ha arrasado, en la segunda sesi\u00f3n me ha designado para que ocupe t\u00e9cnicamente su cargo mientras \u00e9l seguir\u00e1 siendo nuestro presidente moral desde Bruselas\u00bb dir\u00eda m\u00e1s o menos Artadi. \u00c9ste es el plan de los j\u00f3venes masistas que han prestado servicio con final infeliz al forajido: conservan la Generalitat, mantienen la tensi\u00f3n con el Estado, contin\u00faan explotando el valor simb\u00f3lico de Puigdemont pero le tienen a miles de quil\u00f3metros de distancia y mandan ellos. La nueva Converg\u00e8ncia gana Todav\u00eda unos pocos prefieren a Eduard Pujol. Ya casi nadie a Jordi Turull, a quien la guardia postmasista le llama \u00abel empleado de los Pujol\u00bb. Gana la nueva Converg\u00e8ncia, que nunca ha dejado de ser la vieja; pierde la Esquerra de siempre por el viejo complejo de todos los tiempos; el h\u00e9roe fugado no salva ni la camisa; la victoria narcisista de Ciudadanos ser\u00e1 est\u00e9ril y hasta perjudicial en su extremo m\u00e1s mezquino -el de la negativa de In\u00e9s Arrimadas a cederle un diputado al PP para que pueda formar grupo parlamentario- porque si finalmente los populares se quedan sin grupo propio, Junts per Catalu\u00f1a y ERC tendr\u00e1n mayor\u00eda en todas las comisiones. Entre el oportunismo convergente, la cobard\u00eda de los republicanos, las mil posturitas de Rivera ante el espejo y la infantil inconsistencia de la sociedad catalana, que prefiere continuar viviendo de la mentira, aun sabiendo que lo es, Catalu\u00f1a continuar\u00e1 asistiendo impasible y ensimismada al deprimente espect\u00e1culo de ver c\u00f3mo se le escapan el futuro y sus mejores esperanzas.<br \/>\nVia: <a href=\"http:\/\/www.abc.es\/espana\/abci-eichmann-bruselas-201801210144_noticia.html\" target=\"_blank\">\u00abEichmann en Bruselas\u00bb<\/a><\/p>\n","protected":false},"excerpt":{"rendered":"<p>Aunque nada es descartable en alguien tan inestable y avinagrado, lo m\u00e1s probable es que Carles Puigdemont no intente volver a Espa\u00f1a para su investidura, muy a pesar de los m\u00e1s rocambolescos planes que contin\u00faa comentando con quien quiera escucharle. Si primero tuvo la ocurrencia de ocultarse en el maletero [&hellip;]<\/p>\n","protected":false},"author":2,"featured_media":24938,"comment_status":"open","ping_status":"closed","sticky":false,"template":"","format":"standard","meta":{"footnotes":""},"categories":[6],"tags":[],"class_list":["post-24937","post","type-post","status-publish","format-standard","has-post-thumbnail","hentry","category-spanish"],"_links":{"self":[{"href":"https:\/\/theworldwidejournal.com\/index.php?rest_route=\/wp\/v2\/posts\/24937","targetHints":{"allow":["GET"]}}],"collection":[{"href":"https:\/\/theworldwidejournal.com\/index.php?rest_route=\/wp\/v2\/posts"}],"about":[{"href":"https:\/\/theworldwidejournal.com\/index.php?rest_route=\/wp\/v2\/types\/post"}],"author":[{"embeddable":true,"href":"https:\/\/theworldwidejournal.com\/index.php?rest_route=\/wp\/v2\/users\/2"}],"replies":[{"embeddable":true,"href":"https:\/\/theworldwidejournal.com\/index.php?rest_route=%2Fwp%2Fv2%2Fcomments&post=24937"}],"version-history":[{"count":0,"href":"https:\/\/theworldwidejournal.com\/index.php?rest_route=\/wp\/v2\/posts\/24937\/revisions"}],"wp:featuredmedia":[{"embeddable":true,"href":"https:\/\/theworldwidejournal.com\/index.php?rest_route=\/wp\/v2\/media\/24938"}],"wp:attachment":[{"href":"https:\/\/theworldwidejournal.com\/index.php?rest_route=%2Fwp%2Fv2%2Fmedia&parent=24937"}],"wp:term":[{"taxonomy":"category","embeddable":true,"href":"https:\/\/theworldwidejournal.com\/index.php?rest_route=%2Fwp%2Fv2%2Fcategories&post=24937"},{"taxonomy":"post_tag","embeddable":true,"href":"https:\/\/theworldwidejournal.com\/index.php?rest_route=%2Fwp%2Fv2%2Ftags&post=24937"}],"curies":[{"name":"wp","href":"https:\/\/api.w.org\/{rel}","templated":true}]}}