{"id":25079,"date":"1970-01-01T01:00:00","date_gmt":"1970-01-01T00:00:00","guid":{"rendered":"https:\/\/theworldwidejournal.com\/1970\/01\/01\/cuantos-brotes-de-peste-ha-sufrido-sevilla-desde-el-ano-1350\/"},"modified":"1970-01-01T01:00:00","modified_gmt":"1970-01-01T00:00:00","slug":"cuantos-brotes-de-peste-ha-sufrido-sevilla-desde-el-ano-1350","status":"publish","type":"post","link":"https:\/\/theworldwidejournal.com\/?p=25079","title":{"rendered":"\u00bfCu\u00e1ntos brotes de peste ha sufrido Sevilla desde el a\u00f1o 1350?"},"content":{"rendered":"<p>La serie televisiva \u00abLa peste\u00bb, de Movistar, ha puesto de moda una tem\u00e1tica que siempre ha generado p\u00e1nico en una ciudad que vivi\u00f3 su mayor epidemia en 1649, provocando la muerte de al menos 60.000 personas, el 45% de su poblaci\u00f3n. Aunque desde esa fecha la peste no nos ha visitado, el miedo a un nuevo brote gener\u00f3 durante siglos gran nerviosismo en la poblaci\u00f3n sevillana, lo que provocaba que se activaran todas las alarmas al m\u00e1s m\u00ednimo s\u00edntoma. Juan Ignacio Carmona Garc\u00eda, catedr\u00e1tico de Historia Moderna de la Universidad Hispalense y uno de los mayores expertos sobre lo que dio en llamar \u00abmal megro\u00bb o \u00abpestilencia \u00bb, ha recopilado minuciosamente en su libro \u00abLa peste en Sevilla\u00bb todas las epidemias pest\u00edferas registradas desde el a\u00f1o 1350, c\u00f3mo afectaron a la ciudad y c\u00f3mo se actu\u00f3 en cada ocasi\u00f3n. Aunque algunas fuentes apuntan a que la primera gran epidemia de peste se produjo en Sevilla en el a\u00f1o 1302 y acab\u00f3 con la cuarta parte de la poblaci\u00f3n, Carmona Garc\u00eda indica que en realidad no se trataba de la enfermedad bub\u00f3nica. A lo largo de la historia se ha llamado peste a muchas enfermedades que ten\u00edan s\u00edntomas parecidos pero que realmente no lo eran, como el tifus. Este catedr\u00e1tico destaca que hasta finales del siglo XIX y principios del XX la ciencia m\u00e9dica desconoc\u00eda la verdadera causa que provocaba la peste, ignor\u00e1ndose que la produc\u00eda un bacilo, la Pasteurella Pestis, despu\u00e9s bautizado como Yersina, que se encontraba presente en ratas y humanos. Juan Ignacio Carmona Garc\u00eda, catedr\u00e1tico de Historia &#8211; ABC Las pulgas eran en realidad el medio de transmisi\u00f3n del bacilo. \u00bfPero cu\u00e1l fue el proceso de contagio? Las ratas portaban el bacilo, sus pulgas se infectaban y cuando mor\u00edan los roedores esos insectos pasaban a los humanos y los contagiaban. Despu\u00e9s, las pulgas de los humanos se infectaban tambi\u00e9n y ellas fueron las encargadas de transmitir la peste entre la poblaci\u00f3n. La peste no seleccion\u00f3 a sus v\u00edctimas, ricos o pobres. \u00abHubo m\u00e1s v\u00edctimas entre los pobres por el simple hecho -dice- Carmona Garc\u00eda- de que representaban el 95% de la poblaci\u00f3n y era frecuente que proliferaban ratas y pulgas donde hab\u00eda grandes aglomeraciones\u00bb. Aunque hubo oleadas de peste desde el a\u00f1o 1300, en realidad la ciudad ha vivido tres grandes brotes de peste, la de 1350, la de 1599 y la de 1649. Despu\u00e9s de la \u00faltima epidemia no volvi\u00f3 a hacer acto de presencia en la ciudad, sin que hasta el momento se pueda explicar a ciencia cierta el porqu\u00e9, indica el autor del libro. \u00abMal pestilente\u00bb de 1350 El bajo medievo se inicia en Europa con una gran plaga de peste que lleg\u00f3 a Sevilla en 1349, pero se dej\u00f3 sentir poco, seg\u00fan el autor de \u00abAnales epid\u00e9micos Anales epid\u00e9micos: rese\u00f1a hist\u00f3rica de las enfermedades contagiosas en Sevilla desde la reconquista cristiana hasta nuestros d\u00edas (1866)\u00bb, de Jos\u00e9 Vel\u00e1zquez y S\u00e1nchez. Ello pudo deberse, seg\u00fan Juan Ignacio Carmona, a que las condiciones ambientales pudieron ser desfavorables para el desarrollo de los g\u00e9rmenes mort\u00edferos. Hay que tener en cuenta que el bacilo de la peste se desarrollaba f\u00e1cilmente con temperaturas entre los 25 y los 34 grados, quedando inactivo a las tres o cuatro horas de su exposici\u00f3n a la luz solar cuando hab\u00eda un bajo grado de humedad atmosf\u00e9rica. Algunas cr\u00f3nicas de la \u00e9poca, tanto musulmanas como cristianas, hacen referencia a la peste de 1340. De hecho, en 1348, Ibn Khatib menciona que la urbe era v\u00edctima de la peste desde ese invierno. Pedro I, sucesor de Alfonso XI, a punto estuvo de morir de lo que pudo ser la peste en su estancia en Sevilla, ya que la enfermedad hab\u00eda atacado ese a\u00f1o C\u00f3rdoba y Huelva, indica el catedr\u00e1tico de Historia Moderna Juan Ignacio Carmona Garc\u00eda.Un documento del cabildo eclesi\u00e1stico de 1351 menciona que la ciudad qued\u00f3 despoblada tras el embate mort\u00edfero de la peste. Grabado que muestra un sangrador actuando sobre un bub\u00f3n de un enfermo apestado &#8211; ABC \u00abLa segunda mortandad\u00bb, en 1362 En 1362 lleg\u00f3 un nuevo ataque pest\u00edfero, seg\u00fan se refleja en el libro \u00abLa peste en Sevilla\u00bb, \u00absembrando el p\u00e1nico por donde quiera que pasaba y causando otra vez un elevad\u00edsimo n\u00famero de v\u00edctimas\u00bb. Recoge el grave contagio de 1363 el m\u00e9dico Juan de Avi\u00f1\u00f3n en su obra \u00abSevillana Medicina\u00bb, diciendo de esta epidemia que \u00abfue gran mortandad de landres en las ingles y en los sobacos\u00bb. Y el cr\u00f3nica hispalense Ortiz de Z\u00fa\u00f1iga se refiere tambi\u00e9n en \u00abAnales de Sevilla\u00bb a la dolencia de Pedro I de la que hab\u00edan muerto muchas personas en Espa\u00f1a y los efectos de la presencia del mal bub\u00f3nico en el Sur: \u00abTerrible para Andaluc\u00eda el a\u00f1o 1363 porque la molest\u00f3 peste, que las escrituras llaman la segunda mortandad, contando por primera la del a\u00f1o 1350\u00bb. El mal bub\u00f3nico sigui\u00f3 una secuencia caracter\u00edstica: en la primavera se detectan los primeros casos de apestados, se extienden durante los meses estivales por el calor y la humedad, el morbo se extiende por las collaciones en verano para ir remitiendo a medida que ca\u00edan las primeras lluvias de oto\u00f1o, cayendo totalmente en noviembre. Los anales refieren que las plazas y calles \u00abaparec\u00edan llenos de cad\u00e1veres, al igual que el interior de las viviendas, hasta que los franciscanos organizaron enterramientos colectivos\u00bb. Seg\u00fan Ortiz de Z\u00fa\u00f1iga, el horror que produjo esta epidemia en nada desmereci\u00f3 al causado por la peste de 1348 en Florencia, repiti\u00e9ndose las mismas escenas que Bocaccio describi\u00f3 en su Decameron: p\u00e1nico, huida de las autoridades civiles y eclesi\u00e1stica, desgobierno, desorganizaci\u00f3n, el caos de apodera de la ciudad, se rompen los lazos familiares, se abandonan las costumbre religiosas&#8230; La desesperaci\u00f3n hizo que los vecinos encendieran hogueras para purificar el aire con hierbas arom\u00e1ticas o se fumigara con azufre para combatir la contaminaci\u00f3n. Las embestidas de 1374 y 1383 Seg\u00fan el catedr\u00e1tico de Historia Moderna Carmona Garc\u00eda, a partir de mediados del siglo XIV y durante una larga \u00e9poca la peste se convirti\u00f3 en una enfermedad&hellip;<br \/>\nVia: <a href=\"http:\/\/sevilla.abc.es\/sevilla\/sevi-cuantos-brotes-peste-sufrido-sevilla-desde-1300-201801212136_noticia.html\" target=\"_blank\">\u00bfCu\u00e1ntos brotes de peste ha sufrido Sevilla desde el a\u00f1o 1350?<\/a><\/p>\n","protected":false},"excerpt":{"rendered":"<p>La serie televisiva \u00abLa peste\u00bb, de Movistar, ha puesto de moda una tem\u00e1tica que siempre ha generado p\u00e1nico en una ciudad que vivi\u00f3 su mayor epidemia en 1649, provocando la muerte de al menos 60.000 personas, el 45% de su poblaci\u00f3n. Aunque desde esa fecha la peste no nos ha [&hellip;]<\/p>\n","protected":false},"author":2,"featured_media":25080,"comment_status":"open","ping_status":"closed","sticky":false,"template":"","format":"standard","meta":{"footnotes":""},"categories":[6],"tags":[],"class_list":["post-25079","post","type-post","status-publish","format-standard","has-post-thumbnail","hentry","category-spanish"],"_links":{"self":[{"href":"https:\/\/theworldwidejournal.com\/index.php?rest_route=\/wp\/v2\/posts\/25079","targetHints":{"allow":["GET"]}}],"collection":[{"href":"https:\/\/theworldwidejournal.com\/index.php?rest_route=\/wp\/v2\/posts"}],"about":[{"href":"https:\/\/theworldwidejournal.com\/index.php?rest_route=\/wp\/v2\/types\/post"}],"author":[{"embeddable":true,"href":"https:\/\/theworldwidejournal.com\/index.php?rest_route=\/wp\/v2\/users\/2"}],"replies":[{"embeddable":true,"href":"https:\/\/theworldwidejournal.com\/index.php?rest_route=%2Fwp%2Fv2%2Fcomments&post=25079"}],"version-history":[{"count":0,"href":"https:\/\/theworldwidejournal.com\/index.php?rest_route=\/wp\/v2\/posts\/25079\/revisions"}],"wp:featuredmedia":[{"embeddable":true,"href":"https:\/\/theworldwidejournal.com\/index.php?rest_route=\/wp\/v2\/media\/25080"}],"wp:attachment":[{"href":"https:\/\/theworldwidejournal.com\/index.php?rest_route=%2Fwp%2Fv2%2Fmedia&parent=25079"}],"wp:term":[{"taxonomy":"category","embeddable":true,"href":"https:\/\/theworldwidejournal.com\/index.php?rest_route=%2Fwp%2Fv2%2Fcategories&post=25079"},{"taxonomy":"post_tag","embeddable":true,"href":"https:\/\/theworldwidejournal.com\/index.php?rest_route=%2Fwp%2Fv2%2Ftags&post=25079"}],"curies":[{"name":"wp","href":"https:\/\/api.w.org\/{rel}","templated":true}]}}