{"id":25150,"date":"1970-01-01T01:00:00","date_gmt":"1970-01-01T00:00:00","guid":{"rendered":"https:\/\/theworldwidejournal.com\/1970\/01\/01\/la-factoria-cultural-abre-sus-puertas-con-un-concierto-de-diego-amador\/"},"modified":"1970-01-01T01:00:00","modified_gmt":"1970-01-01T00:00:00","slug":"la-factoria-cultural-abre-sus-puertas-con-un-concierto-de-diego-amador","status":"publish","type":"post","link":"https:\/\/theworldwidejournal.com\/?p=25150","title":{"rendered":"La Factor\u00eda Cultural abre sus puertas con un concierto de Diego Amador"},"content":{"rendered":"<p>La Factor\u00eda Cultural, equipamiento situado en el Pol\u00edgono Sur, echar\u00e1 a andar el pr\u00f3ximo mi\u00e9rcoles con un concierto gratuito de Diego Amador que supondr\u00e1 el pistoletazo de salida a la actividad en este espacio que se impuls\u00f3 con los recursos del Plan Urban (un 80% de fondos europeos y un 20% de fondos del Ayuntamiento) y que est\u00e1 llamado a ser un referente cultural y social en Sevilla. Contar\u00e1 para ello con la participaci\u00f3n de diferentes colectivos y entidades del Pol\u00edgono Sur, de manera que sea \u00abun espacio vivo que permita dar cabida a las iniciativas culturales que se generan en el barrio y atraer al mismo a otros colectivos culturales\u00bb. As\u00ed lo ha indicado este lunes el delegado de H\u00e1bitat Urbano, Cultura y Turismo, Antonio Mu\u00f1oz, quien, junto a la comisionada del Pol\u00edgono Sur, Mar Gonz\u00e1lez; la directora general de Cultura, Isabel Ojeda, y el cantante Diego Amador, ha explicado el comienzo en la andadura de Factor\u00eda Cultural. \u00abEstamos hoy ante un d\u00eda importante para el Pol\u00edgono Sur y para toda la ciudad. Por fin, ponemos en funcionamiento este nuevo equipamiento, que no es un equipamiento cultural m\u00e1s. Es un proyecto que naci\u00f3 desde el principio como una l\u00ednea de actuaci\u00f3n diferenciada y de enorme importancia que deb\u00eda desarrollarse en todo momento de la mano del tejido cultural del Pol\u00edgono Sur y de las asociaciones que cada d\u00eda trabajan en este barrio\u00bb, ha se\u00f1alado Mu\u00f1oz. \u00abUn espacio vivo\u00bb De hecho, ha explicado el delegado, ya se est\u00e1n desarrollando las l\u00edneas de trabajo para que este equipamiento se ponga en funcionamiento de forma adecuada cumpliendo con los objetivos que se plantearon en su dise\u00f1o, entre ellos, \u00abque sea un espacio vivo al servicio de los vecinos y vecinas del Pol\u00edgono Sur, especialmente de las asociaciones. Un equipamiento que permita que el resto de la ciudad conozca los proyectos e iniciativas culturales que nacen en este barrio y que al mismo tiempo logre acercar a los vecinos y vecinas del Pol\u00edgono Sur una parte de la programaci\u00f3n que se reparte durante todo el a\u00f1o en la ciudad\u00bb. En este sentido, la comisionada ha destacado la importancia de la Factor\u00eda Cultural como puente entre Pol\u00edgono Sur y el resto de la ciudad, rompiendo las barreras psicol\u00f3gicas que lo separan de otros barrios. Por un lado, al ofrecer motivos a los vecinos de otras zonas para acudir al barrio a disfrutar de la oferta cultural; y por otro, al poner en valor el arte y la cultura que se generan en el barrio, d\u00e1ndoles un cauce para darse a conocer, lo que adem\u00e1s supondr\u00e1 una oportunidad de impulso econ\u00f3mico para el barrio centrada en la promoci\u00f3n cultural. A este respecto, Mu\u00f1oz ha comentado que la actividad en Factor\u00eda Cultural va a comenzar formalmente este mi\u00e9rcoles con un concierto gratuito de Diego Amador al que el Ayuntamiento y la Comisionada del Pol\u00edgono Sur est\u00e1n invitando a partes iguales a promotores culturales de la ciudad y a las asociaciones del barrio. Foro ERIAC Este concierto se enmarca dentro del foro sobre la poblaci\u00f3n gitana y el flamenco ERIAC, European Roma Institute for Arts and Culture, que se celebra esta semana en Sevilla y en el que participar\u00e1n artistas, investigadores y productores gitanos. Eriac es una iniciativa impulsada por el Consejo de Europa que tiene como objetivo reducir los estereotipos negativos que hay sobre la poblaci\u00f3n gitana a trav\u00e9s del arte, la cultura, la historia y la comunicaci\u00f3n. As\u00ed, el Ayuntamiento, a trav\u00e9s del Instituto de la Cultura y las Artes de Sevilla (ICAS), trabaja en estos momentos en tres l\u00edneas de actuaci\u00f3n. La primera de ellas es la programaci\u00f3n, ya que Factor\u00eda Cultural se incorpora como escenario y nuevo espacio \u00fanico en la ciudad para eventos espec\u00edficos que se desarrollen en el Pol\u00edgono Sur y como sede de distintos ciclos y festivales que se programan a lo largo del a\u00f1o, como la Bienal de Flamenco \u2013cuyo director, Antonio Zoido, ha estado presente durante la presentaci\u00f3n-. En cualquier caso, Mu\u00f1oz ha querido aclarar a este respecto que este equipamiento \u00abno va a funcionar como un mero expositor, como sucede con otros espacios de la ciudad, sino que la fase creativa va a tener un papel fundamental, as\u00ed como el acogimiento de propuestas que nazcan desde el barrio\u00bb. Presentaci\u00f3n de Factor\u00eda Cultural &#8211; ABC La segunda de las l\u00edneas de actuaci\u00f3n es se basa en considerar Factor\u00eda Cultural como espacio participado con asociaciones y entidades del Pol\u00edgono Sur. As\u00ed, se van a desarrollar proyectos de forma conjunta con asociaciones y entidades del Pol\u00edgono Sur \u00abaprovechando todo el potencial y la energ\u00eda que tiene el tejido asociativo de este barrio, donde somos conscientes de que hay muchas ganas y mucha ilusi\u00f3n por impulsar los proyectos ya existentes y por generar nuevas iniciativas\u00bb. Sede de proyectos culturales En tercer lugar, la Factor\u00eda Cultural est\u00e1 llamada a erigirse como sede de proyectos e iniciativas culturales, de ah\u00ed que pueda acoger algunas de las iniciativas que han salido el Banco de proyectos culturales -una convocatoria abierta que se lanz\u00f3 el pasado a\u00f1o-. De esta manera, la Factor\u00eda Cultural se convertir\u00e1 en residencia de distintas iniciativas de innovaci\u00f3n, cultura colaborativa y creaci\u00f3n. A ello se suma el desarrollo de un programa de formaci\u00f3n de formadores a trav\u00e9s de la red de trabajo de calle, una iniciativa que se est\u00e1 ultimando, ha explicado Mu\u00f1oz. Por su parte, la comisionada del Pol\u00edgono Sur ha destacado la importancia de la Factor\u00eda Cultural \u00abcomo un equipamiento de nivel ciudad que sirva para permear Pol\u00edgono Sur, porque las actuaciones y las actividades de entidades de fuera atraer\u00e1n a gente de fuera del barrio\u00bb, adem\u00e1s de \u00abponer en valor la identidad y las fortalezas de Pol\u00edgono Sur, dando a conocer su vida cultural, con el flamenco como bandera pero tambi\u00e9n con otras expresiones culturales\u00bb. Factor\u00eda Cultural es un equipamiento de 3.300 metros cuadrados en tres plantas que cuenta con espacio para usos m\u00faltiples, como talleres, aulas de ense\u00f1anza de m\u00fasica y danza, salas polivalentes y multimedia, zonas de&hellip;<br \/>\nVia: <a href=\"http:\/\/sevilla.abc.es\/sevilla\/sevi-factoria-cultural-abre-puertas-concierto-diego-amador-201801221702_noticia.html\" target=\"_blank\">La Factor\u00eda Cultural abre sus puertas con un concierto de Diego Amador<\/a><\/p>\n","protected":false},"excerpt":{"rendered":"<p>La Factor\u00eda Cultural, equipamiento situado en el Pol\u00edgono Sur, echar\u00e1 a andar el pr\u00f3ximo mi\u00e9rcoles con un concierto gratuito de Diego Amador que supondr\u00e1 el pistoletazo de salida a la actividad en este espacio que se impuls\u00f3 con los recursos del Plan Urban (un 80% de fondos europeos y un [&hellip;]<\/p>\n","protected":false},"author":2,"featured_media":25151,"comment_status":"open","ping_status":"closed","sticky":false,"template":"","format":"standard","meta":{"footnotes":""},"categories":[6],"tags":[],"class_list":["post-25150","post","type-post","status-publish","format-standard","has-post-thumbnail","hentry","category-spanish"],"_links":{"self":[{"href":"https:\/\/theworldwidejournal.com\/index.php?rest_route=\/wp\/v2\/posts\/25150","targetHints":{"allow":["GET"]}}],"collection":[{"href":"https:\/\/theworldwidejournal.com\/index.php?rest_route=\/wp\/v2\/posts"}],"about":[{"href":"https:\/\/theworldwidejournal.com\/index.php?rest_route=\/wp\/v2\/types\/post"}],"author":[{"embeddable":true,"href":"https:\/\/theworldwidejournal.com\/index.php?rest_route=\/wp\/v2\/users\/2"}],"replies":[{"embeddable":true,"href":"https:\/\/theworldwidejournal.com\/index.php?rest_route=%2Fwp%2Fv2%2Fcomments&post=25150"}],"version-history":[{"count":0,"href":"https:\/\/theworldwidejournal.com\/index.php?rest_route=\/wp\/v2\/posts\/25150\/revisions"}],"wp:featuredmedia":[{"embeddable":true,"href":"https:\/\/theworldwidejournal.com\/index.php?rest_route=\/wp\/v2\/media\/25151"}],"wp:attachment":[{"href":"https:\/\/theworldwidejournal.com\/index.php?rest_route=%2Fwp%2Fv2%2Fmedia&parent=25150"}],"wp:term":[{"taxonomy":"category","embeddable":true,"href":"https:\/\/theworldwidejournal.com\/index.php?rest_route=%2Fwp%2Fv2%2Fcategories&post=25150"},{"taxonomy":"post_tag","embeddable":true,"href":"https:\/\/theworldwidejournal.com\/index.php?rest_route=%2Fwp%2Fv2%2Ftags&post=25150"}],"curies":[{"name":"wp","href":"https:\/\/api.w.org\/{rel}","templated":true}]}}